{"id":10428,"date":"2020-03-15T17:27:47","date_gmt":"2020-03-15T15:27:47","guid":{"rendered":"http:\/\/www.galerieunterlechner.at\/wp\/gu-06-12-19-bis-15-02-20-ars-animale-grauvieh-froesche_minotauren-copy\/"},"modified":"2020-06-03T14:37:08","modified_gmt":"2020-06-03T12:37:08","slug":"gu-10-03-20-bis-09-05-20-serielle-kunst","status":"publish","type":"post","link":"http:\/\/www.galerieunterlechner.at\/wp\/gu-10-03-20-bis-09-05-20-serielle-kunst\/","title":{"rendered":"GU-10-03-20 bis 30-08-20  SERIELLE KUNST"},"content":{"rendered":"<p>SERIELLE BILDENDE KUNST, obwohl aus der Zeitgen\u00f6ssischen Kunst nicht wegzudenken, ist selten ein generelles Thema f\u00fcr eine Ausstellung. SERIELLE MUSIK dagegen ist ein fixer Bestandteil der Neuen Musik.<img loading=\"lazy\" decoding=\"async\" class=\"alignright size-medium wp-image-10500\" src=\"\/wp\/wp-content\/uploads\/2020\/03\/GU_Crabtree_Dead_flowers_2020_\u00d6l_LW_4x80x50cm-300x96.jpg\" alt=\"\" width=\"300\" height=\"96\" srcset=\"\/wp\/wp-content\/uploads\/2020\/03\/GU_Crabtree_Dead_flowers_2020_\u00d6l_LW_4x80x50cm-300x96.jpg 300w, \/wp\/wp-content\/uploads\/2020\/03\/GU_Crabtree_Dead_flowers_2020_\u00d6l_LW_4x80x50cm-150x48.jpg 150w, \/wp\/wp-content\/uploads\/2020\/03\/GU_Crabtree_Dead_flowers_2020_\u00d6l_LW_4x80x50cm-768x245.jpg 768w, \/wp\/wp-content\/uploads\/2020\/03\/GU_Crabtree_Dead_flowers_2020_\u00d6l_LW_4x80x50cm.jpg 1000w\" sizes=\"auto, (max-width: 300px) 100vw, 300px\" \/><\/p>\n<p>SERIELLES versucht durch Wiederholungen oder wiederholte Variationen desselben Sujets ein neues Resultat zu erzielen. Oder aber nach einem anderen, vorher festgelegtem System, einer anderen Regel, vorzugehen. Durch fixierte &#8222;Bilderregeln&#8220; entsteht eine neue Sch\u00f6pfung, die das Einzelbild in den Hintergrund treten l\u00e4sst. Das Gesamtkunstwerk tritt in den Vordergrund. Vorgaben f\u00fcr den Entstehungsprozess k\u00f6nnen neben Wiederholung, wiederholter Variation, Themenvariation oder Einzelbilder, die ein Gesamtbild ergeben, sein. Zum Beispiel kann besonders die Druckgrafik, dabei besonders die Vorgabe der verlorenen Platte, eine Quelle von reizvollen Variationen sein.<\/p>\n<p>Die Ausstellung ist auf alle F\u00e4lle vorerst wieder bis zum 30. Juni 2020 zu sehen. Sie wird voraussichtlich bis 30. AUGUST 2020 VERL\u00c4NGERT !!!!!\u00a0 (Die Galerie ist ja nach der gerade noch erfolgten Vernissage am 10. M\u00e4rz der Corona-Pandemie bis zum 15. Mai zum Opfer gefallen.) \u00d6FFNUNGSZEITEN wieder wie gewohnt MI, DO, FR, SA von 17:00 bis 19:00 Uhr und jeder Besuch au\u00dferhalb dieser Zeit sehr gern nach telefonischer Vereinbarung &#8211; 0664 7306 4435. Ich freue mich. \u00a0 \u00a0 \u00a0 \u00a0 \u00a0 \u00a0 \u00a0 \u00a0 \u00a0 \u00a0 \u00a0 \u00a0 \u00a0 \u00a0 \u00a0 \u00a0 \u00a0 \u00a0 \u00a0 \u00a0 \u00a0 \u00a0 \u00a0 \u00a0 \u00a0 \u00a0 \u00a0 \u00a0 \u00a0 \u00a0 \u00a0 \u00a0 \u00a0 \u00a0 \u00a0 \u00a0 \u00a0 \u00a0 \u00a0 \u00a0 \u00a0 \u00a0 \u00a0 \u00a0 \u00a0 \u00a0 \u00a0 \u00a0 \u00a0 \u00a0 \u00a0 \u00a0 \u00a0 \u00a0 \u00a0 \u00a0 \u00a0 \u00a0 \u00a0 \u00a0 \u00a0 \u00a0 \u00a0 \u00a0 \u00a0 \u00a0 \u00a0 \u00a0\u00a0<\/p>\n<p>&nbsp;<\/p>\n<p class=\"umfliessenAus\"><div id=\"tabs_0\" class=\"tabs_container\"><ul class=\"tabs_list\"><li class=\"tab_active\"><a href=\"#tab_0_0\" rel=\"tab_0_0\">Info<\/a><\/li><li><a href=\"#tab_0_1\" rel=\"tab_0_1\">Ausstellung<\/a><\/li><li><a href=\"#tab_0_2\" rel=\"tab_0_2\">Vernissage Fotos Schm\u00fccking<\/a><\/li><li><a href=\"#tab_0_3\" rel=\"tab_0_3\">Presse<\/a><\/li><\/ul><div class=\"tab_content_container\"><div id=\"content_tab_0_0\" class=\"content_tab\" style=\"display: block;\"><\/p>\n<p class=\"umfliessenAus\">K\u00fcnstlerInnen, die in der Ausstellung\u00a0 &#8222;SERIELLER KUNST&#8220; vertreten sind:\u00a0<\/p>\n<p class=\"umfliessenAus\">Wolfgang CAPPELARI, John CRABTREE, Gernot Egwald EHRSAM, Johannes HAIDER, Heidi HOLLEIS, Andrea HOLZINGER, Dimitri HOLZINGER, Andreas HOLZKNECHT,\u00a0 Stephan JUTTNER, Frank KINDERMANN, Anton KRAJNC, Pablo PICASSO, Sigfried SANTONI, Andreas SCHILLER, Andy WARHOL. .\u00a0<\/p>\n<p><\/div><div id=\"content_tab_0_1\" class=\"content_tab\"><\/p>\n\n\t\t<style type=\"text\/css\">\n\t\t\t#gallery-1 {\n\t\t\t\tmargin: auto;\n\t\t\t}\n\t\t\t#gallery-1 .gallery-item {\n\t\t\t\tfloat: left;\n\t\t\t\tmargin-top: 10px;\n\t\t\t\ttext-align: center;\n\t\t\t\twidth: 16%;\n\t\t\t}\n\t\t\t#gallery-1 img {\n\t\t\t\tborder: 2px solid #cfcfcf;\n\t\t\t}\n\t\t\t#gallery-1 .gallery-caption {\n\t\t\t\tmargin-left: 0;\n\t\t\t}\n\t\t\t\/* see gallery_shortcode() in wp-includes\/media.php *\/\n\t\t<\/style>\n\t\t<div id='gallery-1' class='gallery galleryid-10428 gallery-columns-6 gallery-size-thumbnail'><dl class='gallery-item'>\n\t\t\t<dt class='gallery-icon landscape'>\n\t\t\t\t<a href='\/wp\/wp-content\/uploads\/2020\/03\/GU_Crabtree_Dead_flowers_2020_\u00d6l_LW_4x80x50-2.jpg'><img loading=\"lazy\" decoding=\"async\" width=\"150\" height=\"100\" src=\"\/wp\/wp-content\/uploads\/2020\/03\/GU_Crabtree_Dead_flowers_2020_\u00d6l_LW_4x80x50-2-150x100.jpg\" class=\"attachment-thumbnail size-thumbnail\" alt=\"\" srcset=\"\/wp\/wp-content\/uploads\/2020\/03\/GU_Crabtree_Dead_flowers_2020_\u00d6l_LW_4x80x50-2-150x100.jpg 150w, \/wp\/wp-content\/uploads\/2020\/03\/GU_Crabtree_Dead_flowers_2020_\u00d6l_LW_4x80x50-2-300x200.jpg 300w, \/wp\/wp-content\/uploads\/2020\/03\/GU_Crabtree_Dead_flowers_2020_\u00d6l_LW_4x80x50-2-768x511.jpg 768w, \/wp\/wp-content\/uploads\/2020\/03\/GU_Crabtree_Dead_flowers_2020_\u00d6l_LW_4x80x50-2.jpg 1000w\" sizes=\"auto, (max-width: 150px) 100vw, 150px\" \/><\/a>\n\t\t\t<\/dt><\/dl><dl class='gallery-item'>\n\t\t\t<dt class='gallery-icon landscape'>\n\t\t\t\t<a href='\/wp\/wp-content\/uploads\/2020\/03\/GU_Andi_HolzknechtWolfgang_Cappelari_O_T_2006_MT_140x240.jpg'><img loading=\"lazy\" decoding=\"async\" width=\"150\" height=\"88\" src=\"\/wp\/wp-content\/uploads\/2020\/03\/GU_Andi_HolzknechtWolfgang_Cappelari_O_T_2006_MT_140x240-150x88.jpg\" class=\"attachment-thumbnail size-thumbnail\" alt=\"\" srcset=\"\/wp\/wp-content\/uploads\/2020\/03\/GU_Andi_HolzknechtWolfgang_Cappelari_O_T_2006_MT_140x240-150x88.jpg 150w, \/wp\/wp-content\/uploads\/2020\/03\/GU_Andi_HolzknechtWolfgang_Cappelari_O_T_2006_MT_140x240-300x177.jpg 300w, \/wp\/wp-content\/uploads\/2020\/03\/GU_Andi_HolzknechtWolfgang_Cappelari_O_T_2006_MT_140x240-768x452.jpg 768w, \/wp\/wp-content\/uploads\/2020\/03\/GU_Andi_HolzknechtWolfgang_Cappelari_O_T_2006_MT_140x240.jpg 1000w\" sizes=\"auto, (max-width: 150px) 100vw, 150px\" \/><\/a>\n\t\t\t<\/dt><\/dl><dl class='gallery-item'>\n\t\t\t<dt class='gallery-icon landscape'>\n\t\t\t\t<a href='\/wp\/wp-content\/uploads\/2020\/03\/Vernissage_Serielle_Kunst_Santoni_Schichaquarell.jpg'><img loading=\"lazy\" decoding=\"async\" width=\"150\" height=\"100\" src=\"\/wp\/wp-content\/uploads\/2020\/03\/Vernissage_Serielle_Kunst_Santoni_Schichaquarell-150x100.jpg\" class=\"attachment-thumbnail size-thumbnail\" alt=\"\" srcset=\"\/wp\/wp-content\/uploads\/2020\/03\/Vernissage_Serielle_Kunst_Santoni_Schichaquarell-150x100.jpg 150w, \/wp\/wp-content\/uploads\/2020\/03\/Vernissage_Serielle_Kunst_Santoni_Schichaquarell-300x200.jpg 300w, \/wp\/wp-content\/uploads\/2020\/03\/Vernissage_Serielle_Kunst_Santoni_Schichaquarell-768x512.jpg 768w, \/wp\/wp-content\/uploads\/2020\/03\/Vernissage_Serielle_Kunst_Santoni_Schichaquarell.jpg 1000w\" sizes=\"auto, (max-width: 150px) 100vw, 150px\" \/><\/a>\n\t\t\t<\/dt><\/dl><dl class='gallery-item'>\n\t\t\t<dt class='gallery-icon landscape'>\n\t\t\t\t<a href='\/wp\/wp-content\/uploads\/2020\/03\/GU_Warhol_Marilyn_Seriegraphie_4x91x91.jpg'><img loading=\"lazy\" decoding=\"async\" width=\"150\" height=\"63\" src=\"\/wp\/wp-content\/uploads\/2020\/03\/GU_Warhol_Marilyn_Seriegraphie_4x91x91-150x63.jpg\" class=\"attachment-thumbnail size-thumbnail\" alt=\"\" srcset=\"\/wp\/wp-content\/uploads\/2020\/03\/GU_Warhol_Marilyn_Seriegraphie_4x91x91-150x63.jpg 150w, \/wp\/wp-content\/uploads\/2020\/03\/GU_Warhol_Marilyn_Seriegraphie_4x91x91-300x126.jpg 300w, \/wp\/wp-content\/uploads\/2020\/03\/GU_Warhol_Marilyn_Seriegraphie_4x91x91-768x322.jpg 768w, \/wp\/wp-content\/uploads\/2020\/03\/GU_Warhol_Marilyn_Seriegraphie_4x91x91.jpg 1000w\" sizes=\"auto, (max-width: 150px) 100vw, 150px\" \/><\/a>\n\t\t\t<\/dt><\/dl><dl class='gallery-item'>\n\t\t\t<dt class='gallery-icon landscape'>\n\t\t\t\t<a href='\/wp\/wp-content\/uploads\/2020\/03\/Vernissage-Serielle-Kunst-38.jpg'><img loading=\"lazy\" decoding=\"async\" width=\"150\" height=\"100\" src=\"\/wp\/wp-content\/uploads\/2020\/03\/Vernissage-Serielle-Kunst-38-150x100.jpg\" class=\"attachment-thumbnail size-thumbnail\" alt=\"\" srcset=\"\/wp\/wp-content\/uploads\/2020\/03\/Vernissage-Serielle-Kunst-38-150x100.jpg 150w, \/wp\/wp-content\/uploads\/2020\/03\/Vernissage-Serielle-Kunst-38-300x200.jpg 300w, \/wp\/wp-content\/uploads\/2020\/03\/Vernissage-Serielle-Kunst-38-768x512.jpg 768w, \/wp\/wp-content\/uploads\/2020\/03\/Vernissage-Serielle-Kunst-38.jpg 1000w\" sizes=\"auto, (max-width: 150px) 100vw, 150px\" \/><\/a>\n\t\t\t<\/dt><\/dl><dl class='gallery-item'>\n\t\t\t<dt class='gallery-icon landscape'>\n\t\t\t\t<a href='\/wp\/wp-content\/uploads\/2020\/03\/GU_Haider_dasGras_2007_Radierung_6x50x50-1.jpg'><img loading=\"lazy\" decoding=\"async\" width=\"150\" height=\"106\" src=\"\/wp\/wp-content\/uploads\/2020\/03\/GU_Haider_dasGras_2007_Radierung_6x50x50-1-150x106.jpg\" class=\"attachment-thumbnail size-thumbnail\" alt=\"\" srcset=\"\/wp\/wp-content\/uploads\/2020\/03\/GU_Haider_dasGras_2007_Radierung_6x50x50-1-150x106.jpg 150w, \/wp\/wp-content\/uploads\/2020\/03\/GU_Haider_dasGras_2007_Radierung_6x50x50-1-300x211.jpg 300w, \/wp\/wp-content\/uploads\/2020\/03\/GU_Haider_dasGras_2007_Radierung_6x50x50-1-768x541.jpg 768w, \/wp\/wp-content\/uploads\/2020\/03\/GU_Haider_dasGras_2007_Radierung_6x50x50-1.jpg 1000w\" sizes=\"auto, (max-width: 150px) 100vw, 150px\" \/><\/a>\n\t\t\t<\/dt><\/dl><br style=\"clear: both\" \/><dl class='gallery-item'>\n\t\t\t<dt class='gallery-icon landscape'>\n\t\t\t\t<a href='\/wp\/wp-content\/uploads\/2020\/03\/GU_Haider_dasGras_2007_Radierung_6x50x50-2.jpg'><img loading=\"lazy\" decoding=\"async\" width=\"150\" height=\"100\" src=\"\/wp\/wp-content\/uploads\/2020\/03\/GU_Haider_dasGras_2007_Radierung_6x50x50-2-150x100.jpg\" class=\"attachment-thumbnail size-thumbnail\" alt=\"\" srcset=\"\/wp\/wp-content\/uploads\/2020\/03\/GU_Haider_dasGras_2007_Radierung_6x50x50-2-150x100.jpg 150w, \/wp\/wp-content\/uploads\/2020\/03\/GU_Haider_dasGras_2007_Radierung_6x50x50-2-300x200.jpg 300w, \/wp\/wp-content\/uploads\/2020\/03\/GU_Haider_dasGras_2007_Radierung_6x50x50-2-768x511.jpg 768w, \/wp\/wp-content\/uploads\/2020\/03\/GU_Haider_dasGras_2007_Radierung_6x50x50-2.jpg 1000w\" sizes=\"auto, (max-width: 150px) 100vw, 150px\" \/><\/a>\n\t\t\t<\/dt><\/dl><dl class='gallery-item'>\n\t\t\t<dt class='gallery-icon landscape'>\n\t\t\t\t<a href='\/wp\/wp-content\/uploads\/2020\/03\/GU_Haider_dasGras_2007_Radierung_6x50x50-3.jpg'><img loading=\"lazy\" decoding=\"async\" width=\"150\" height=\"100\" src=\"\/wp\/wp-content\/uploads\/2020\/03\/GU_Haider_dasGras_2007_Radierung_6x50x50-3-150x100.jpg\" class=\"attachment-thumbnail size-thumbnail\" alt=\"\" srcset=\"\/wp\/wp-content\/uploads\/2020\/03\/GU_Haider_dasGras_2007_Radierung_6x50x50-3-150x100.jpg 150w, \/wp\/wp-content\/uploads\/2020\/03\/GU_Haider_dasGras_2007_Radierung_6x50x50-3-300x200.jpg 300w, \/wp\/wp-content\/uploads\/2020\/03\/GU_Haider_dasGras_2007_Radierung_6x50x50-3-768x511.jpg 768w, \/wp\/wp-content\/uploads\/2020\/03\/GU_Haider_dasGras_2007_Radierung_6x50x50-3.jpg 1000w\" sizes=\"auto, (max-width: 150px) 100vw, 150px\" \/><\/a>\n\t\t\t<\/dt><\/dl><dl class='gallery-item'>\n\t\t\t<dt class='gallery-icon landscape'>\n\t\t\t\t<a href='\/wp\/wp-content\/uploads\/2020\/03\/GU_Haider_dasGras_2007_Radierung_6x50x50-4.jpg'><img loading=\"lazy\" decoding=\"async\" width=\"150\" height=\"100\" src=\"\/wp\/wp-content\/uploads\/2020\/03\/GU_Haider_dasGras_2007_Radierung_6x50x50-4-150x100.jpg\" class=\"attachment-thumbnail size-thumbnail\" alt=\"\" srcset=\"\/wp\/wp-content\/uploads\/2020\/03\/GU_Haider_dasGras_2007_Radierung_6x50x50-4-150x100.jpg 150w, \/wp\/wp-content\/uploads\/2020\/03\/GU_Haider_dasGras_2007_Radierung_6x50x50-4-300x200.jpg 300w, \/wp\/wp-content\/uploads\/2020\/03\/GU_Haider_dasGras_2007_Radierung_6x50x50-4-768x511.jpg 768w, \/wp\/wp-content\/uploads\/2020\/03\/GU_Haider_dasGras_2007_Radierung_6x50x50-4.jpg 1000w\" sizes=\"auto, (max-width: 150px) 100vw, 150px\" \/><\/a>\n\t\t\t<\/dt><\/dl><dl class='gallery-item'>\n\t\t\t<dt class='gallery-icon landscape'>\n\t\t\t\t<a href='\/wp\/wp-content\/uploads\/2020\/03\/GU_Haider_dasGras_2007_Radierung_6x50x50-5.jpg'><img loading=\"lazy\" decoding=\"async\" width=\"150\" height=\"100\" src=\"\/wp\/wp-content\/uploads\/2020\/03\/GU_Haider_dasGras_2007_Radierung_6x50x50-5-150x100.jpg\" class=\"attachment-thumbnail size-thumbnail\" alt=\"\" srcset=\"\/wp\/wp-content\/uploads\/2020\/03\/GU_Haider_dasGras_2007_Radierung_6x50x50-5-150x100.jpg 150w, \/wp\/wp-content\/uploads\/2020\/03\/GU_Haider_dasGras_2007_Radierung_6x50x50-5-300x200.jpg 300w, \/wp\/wp-content\/uploads\/2020\/03\/GU_Haider_dasGras_2007_Radierung_6x50x50-5-768x511.jpg 768w, \/wp\/wp-content\/uploads\/2020\/03\/GU_Haider_dasGras_2007_Radierung_6x50x50-5.jpg 1000w\" sizes=\"auto, (max-width: 150px) 100vw, 150px\" \/><\/a>\n\t\t\t<\/dt><\/dl><dl class='gallery-item'>\n\t\t\t<dt class='gallery-icon landscape'>\n\t\t\t\t<a href='\/wp\/wp-content\/uploads\/2020\/03\/GU_Crabtree_Bus-I_2019_\u00d6l_LW_45x60.jpg'><img loading=\"lazy\" decoding=\"async\" width=\"150\" height=\"111\" src=\"\/wp\/wp-content\/uploads\/2020\/03\/GU_Crabtree_Bus-I_2019_\u00d6l_LW_45x60-150x111.jpg\" class=\"attachment-thumbnail size-thumbnail\" alt=\"\" srcset=\"\/wp\/wp-content\/uploads\/2020\/03\/GU_Crabtree_Bus-I_2019_\u00d6l_LW_45x60-150x111.jpg 150w, \/wp\/wp-content\/uploads\/2020\/03\/GU_Crabtree_Bus-I_2019_\u00d6l_LW_45x60-300x222.jpg 300w, \/wp\/wp-content\/uploads\/2020\/03\/GU_Crabtree_Bus-I_2019_\u00d6l_LW_45x60-768x568.jpg 768w, \/wp\/wp-content\/uploads\/2020\/03\/GU_Crabtree_Bus-I_2019_\u00d6l_LW_45x60.jpg 1000w\" sizes=\"auto, (max-width: 150px) 100vw, 150px\" \/><\/a>\n\t\t\t<\/dt><\/dl><dl class='gallery-item'>\n\t\t\t<dt class='gallery-icon landscape'>\n\t\t\t\t<a href='\/wp\/wp-content\/uploads\/2020\/03\/GU_Crabtree_Bus-II_2019_\u00d6l_LW_45x60.jpg'><img loading=\"lazy\" decoding=\"async\" width=\"150\" height=\"113\" src=\"\/wp\/wp-content\/uploads\/2020\/03\/GU_Crabtree_Bus-II_2019_\u00d6l_LW_45x60-150x113.jpg\" class=\"attachment-thumbnail size-thumbnail\" alt=\"\" srcset=\"\/wp\/wp-content\/uploads\/2020\/03\/GU_Crabtree_Bus-II_2019_\u00d6l_LW_45x60-150x113.jpg 150w, \/wp\/wp-content\/uploads\/2020\/03\/GU_Crabtree_Bus-II_2019_\u00d6l_LW_45x60-300x226.jpg 300w, \/wp\/wp-content\/uploads\/2020\/03\/GU_Crabtree_Bus-II_2019_\u00d6l_LW_45x60-768x578.jpg 768w, \/wp\/wp-content\/uploads\/2020\/03\/GU_Crabtree_Bus-II_2019_\u00d6l_LW_45x60.jpg 1000w\" sizes=\"auto, (max-width: 150px) 100vw, 150px\" \/><\/a>\n\t\t\t<\/dt><\/dl><br style=\"clear: both\" \/><dl class='gallery-item'>\n\t\t\t<dt class='gallery-icon landscape'>\n\t\t\t\t<a href='\/wp\/wp-content\/uploads\/2020\/03\/GU_Haider_Sonderedition_100_Jahre_Grafenast_2007_Radierung_Kaltnadel_Fl\u00e4chen\u00e4tzung_A_23_25x25-1.jpg'><img loading=\"lazy\" decoding=\"async\" width=\"150\" height=\"150\" src=\"\/wp\/wp-content\/uploads\/2020\/03\/GU_Haider_Sonderedition_100_Jahre_Grafenast_2007_Radierung_Kaltnadel_Fl\u00e4chen\u00e4tzung_A_23_25x25-1-150x150.jpg\" class=\"attachment-thumbnail size-thumbnail\" alt=\"\" srcset=\"\/wp\/wp-content\/uploads\/2020\/03\/GU_Haider_Sonderedition_100_Jahre_Grafenast_2007_Radierung_Kaltnadel_Fl\u00e4chen\u00e4tzung_A_23_25x25-1-150x150.jpg 150w, \/wp\/wp-content\/uploads\/2020\/03\/GU_Haider_Sonderedition_100_Jahre_Grafenast_2007_Radierung_Kaltnadel_Fl\u00e4chen\u00e4tzung_A_23_25x25-1-300x300.jpg 300w, \/wp\/wp-content\/uploads\/2020\/03\/GU_Haider_Sonderedition_100_Jahre_Grafenast_2007_Radierung_Kaltnadel_Fl\u00e4chen\u00e4tzung_A_23_25x25-1-768x766.jpg 768w, \/wp\/wp-content\/uploads\/2020\/03\/GU_Haider_Sonderedition_100_Jahre_Grafenast_2007_Radierung_Kaltnadel_Fl\u00e4chen\u00e4tzung_A_23_25x25-1.jpg 802w\" sizes=\"auto, (max-width: 150px) 100vw, 150px\" \/><\/a>\n\t\t\t<\/dt><\/dl><dl class='gallery-item'>\n\t\t\t<dt class='gallery-icon portrait'>\n\t\t\t\t<a href='\/wp\/wp-content\/uploads\/2020\/03\/GU_Haider_Sonderedition_100_Jahre_Grafenast_2007_Radierung_Kaltnadel_Fl\u00e4chen\u00e4tzung_A_23_25x25-2.jpg'><img loading=\"lazy\" decoding=\"async\" width=\"146\" height=\"150\" src=\"\/wp\/wp-content\/uploads\/2020\/03\/GU_Haider_Sonderedition_100_Jahre_Grafenast_2007_Radierung_Kaltnadel_Fl\u00e4chen\u00e4tzung_A_23_25x25-2-146x150.jpg\" class=\"attachment-thumbnail size-thumbnail\" alt=\"\" srcset=\"\/wp\/wp-content\/uploads\/2020\/03\/GU_Haider_Sonderedition_100_Jahre_Grafenast_2007_Radierung_Kaltnadel_Fl\u00e4chen\u00e4tzung_A_23_25x25-2-146x150.jpg 146w, \/wp\/wp-content\/uploads\/2020\/03\/GU_Haider_Sonderedition_100_Jahre_Grafenast_2007_Radierung_Kaltnadel_Fl\u00e4chen\u00e4tzung_A_23_25x25-2-293x300.jpg 293w, \/wp\/wp-content\/uploads\/2020\/03\/GU_Haider_Sonderedition_100_Jahre_Grafenast_2007_Radierung_Kaltnadel_Fl\u00e4chen\u00e4tzung_A_23_25x25-2-768x787.jpg 768w, \/wp\/wp-content\/uploads\/2020\/03\/GU_Haider_Sonderedition_100_Jahre_Grafenast_2007_Radierung_Kaltnadel_Fl\u00e4chen\u00e4tzung_A_23_25x25-2.jpg 781w\" sizes=\"auto, (max-width: 146px) 100vw, 146px\" \/><\/a>\n\t\t\t<\/dt><\/dl><dl class='gallery-item'>\n\t\t\t<dt class='gallery-icon portrait'>\n\t\t\t\t<a href='\/wp\/wp-content\/uploads\/2020\/03\/GU_Haider_Sonderedition_100_Jahre_Grafenast_2007_Radierung_Kaltnadel_Fl\u00e4chen\u00e4tzung_A_23_25x25-3.jpg'><img loading=\"lazy\" decoding=\"async\" width=\"148\" height=\"150\" src=\"\/wp\/wp-content\/uploads\/2020\/03\/GU_Haider_Sonderedition_100_Jahre_Grafenast_2007_Radierung_Kaltnadel_Fl\u00e4chen\u00e4tzung_A_23_25x25-3-148x150.jpg\" class=\"attachment-thumbnail size-thumbnail\" alt=\"\" srcset=\"\/wp\/wp-content\/uploads\/2020\/03\/GU_Haider_Sonderedition_100_Jahre_Grafenast_2007_Radierung_Kaltnadel_Fl\u00e4chen\u00e4tzung_A_23_25x25-3-148x150.jpg 148w, \/wp\/wp-content\/uploads\/2020\/03\/GU_Haider_Sonderedition_100_Jahre_Grafenast_2007_Radierung_Kaltnadel_Fl\u00e4chen\u00e4tzung_A_23_25x25-3-296x300.jpg 296w, \/wp\/wp-content\/uploads\/2020\/03\/GU_Haider_Sonderedition_100_Jahre_Grafenast_2007_Radierung_Kaltnadel_Fl\u00e4chen\u00e4tzung_A_23_25x25-3-768x780.jpg 768w, \/wp\/wp-content\/uploads\/2020\/03\/GU_Haider_Sonderedition_100_Jahre_Grafenast_2007_Radierung_Kaltnadel_Fl\u00e4chen\u00e4tzung_A_23_25x25-3.jpg 788w\" sizes=\"auto, (max-width: 148px) 100vw, 148px\" \/><\/a>\n\t\t\t<\/dt><\/dl><dl class='gallery-item'>\n\t\t\t<dt class='gallery-icon landscape'>\n\t\t\t\t<a href='\/wp\/wp-content\/uploads\/2020\/03\/GU_Holzinger_Bild_im_Bild_2012_\u00d6l_LW_80x100-3.jpg'><img loading=\"lazy\" decoding=\"async\" width=\"150\" height=\"100\" src=\"\/wp\/wp-content\/uploads\/2020\/03\/GU_Holzinger_Bild_im_Bild_2012_\u00d6l_LW_80x100-3-150x100.jpg\" class=\"attachment-thumbnail size-thumbnail\" alt=\"\" srcset=\"\/wp\/wp-content\/uploads\/2020\/03\/GU_Holzinger_Bild_im_Bild_2012_\u00d6l_LW_80x100-3-150x100.jpg 150w, \/wp\/wp-content\/uploads\/2020\/03\/GU_Holzinger_Bild_im_Bild_2012_\u00d6l_LW_80x100-3-300x200.jpg 300w, \/wp\/wp-content\/uploads\/2020\/03\/GU_Holzinger_Bild_im_Bild_2012_\u00d6l_LW_80x100-3-768x513.jpg 768w, \/wp\/wp-content\/uploads\/2020\/03\/GU_Holzinger_Bild_im_Bild_2012_\u00d6l_LW_80x100-3.jpg 1000w\" sizes=\"auto, (max-width: 150px) 100vw, 150px\" \/><\/a>\n\t\t\t<\/dt><\/dl><dl class='gallery-item'>\n\t\t\t<dt class='gallery-icon landscape'>\n\t\t\t\t<a href='\/wp\/wp-content\/uploads\/2020\/03\/GU_Holzinger_Bild_im_Bild_2012_\u00d6l_LW_80x100-1.jpg'><img loading=\"lazy\" decoding=\"async\" width=\"150\" height=\"112\" src=\"\/wp\/wp-content\/uploads\/2020\/03\/GU_Holzinger_Bild_im_Bild_2012_\u00d6l_LW_80x100-1-150x112.jpg\" class=\"attachment-thumbnail size-thumbnail\" alt=\"\" srcset=\"\/wp\/wp-content\/uploads\/2020\/03\/GU_Holzinger_Bild_im_Bild_2012_\u00d6l_LW_80x100-1-150x112.jpg 150w, \/wp\/wp-content\/uploads\/2020\/03\/GU_Holzinger_Bild_im_Bild_2012_\u00d6l_LW_80x100-1-300x224.jpg 300w, \/wp\/wp-content\/uploads\/2020\/03\/GU_Holzinger_Bild_im_Bild_2012_\u00d6l_LW_80x100-1-768x572.jpg 768w, \/wp\/wp-content\/uploads\/2020\/03\/GU_Holzinger_Bild_im_Bild_2012_\u00d6l_LW_80x100-1.jpg 1000w\" sizes=\"auto, (max-width: 150px) 100vw, 150px\" \/><\/a>\n\t\t\t<\/dt><\/dl><dl class='gallery-item'>\n\t\t\t<dt class='gallery-icon landscape'>\n\t\t\t\t<a href='\/wp\/wp-content\/uploads\/2020\/03\/GU_Holzinger_Bild_im_Bild_2012_\u00d6l_LW_80x100-2.jpg'><img loading=\"lazy\" decoding=\"async\" width=\"150\" height=\"100\" src=\"\/wp\/wp-content\/uploads\/2020\/03\/GU_Holzinger_Bild_im_Bild_2012_\u00d6l_LW_80x100-2-150x100.jpg\" class=\"attachment-thumbnail size-thumbnail\" alt=\"\" srcset=\"\/wp\/wp-content\/uploads\/2020\/03\/GU_Holzinger_Bild_im_Bild_2012_\u00d6l_LW_80x100-2-150x100.jpg 150w, \/wp\/wp-content\/uploads\/2020\/03\/GU_Holzinger_Bild_im_Bild_2012_\u00d6l_LW_80x100-2-300x200.jpg 300w, \/wp\/wp-content\/uploads\/2020\/03\/GU_Holzinger_Bild_im_Bild_2012_\u00d6l_LW_80x100-2-768x511.jpg 768w, \/wp\/wp-content\/uploads\/2020\/03\/GU_Holzinger_Bild_im_Bild_2012_\u00d6l_LW_80x100-2.jpg 1000w\" sizes=\"auto, (max-width: 150px) 100vw, 150px\" \/><\/a>\n\t\t\t<\/dt><\/dl><br style=\"clear: both\" \/><dl class='gallery-item'>\n\t\t\t<dt class='gallery-icon landscape'>\n\t\t\t\t<a href='\/wp\/wp-content\/uploads\/2020\/03\/GU_Johannes_Haider_OT_2000_Diptychon_\u00d6l_LW_je_805x605-1.jpg'><img loading=\"lazy\" decoding=\"async\" width=\"150\" height=\"99\" src=\"\/wp\/wp-content\/uploads\/2020\/03\/GU_Johannes_Haider_OT_2000_Diptychon_\u00d6l_LW_je_805x605-1-150x99.jpg\" class=\"attachment-thumbnail size-thumbnail\" alt=\"\" aria-describedby=\"gallery-1-10469\" srcset=\"\/wp\/wp-content\/uploads\/2020\/03\/GU_Johannes_Haider_OT_2000_Diptychon_\u00d6l_LW_je_805x605-1-150x99.jpg 150w, \/wp\/wp-content\/uploads\/2020\/03\/GU_Johannes_Haider_OT_2000_Diptychon_\u00d6l_LW_je_805x605-1-300x198.jpg 300w, \/wp\/wp-content\/uploads\/2020\/03\/GU_Johannes_Haider_OT_2000_Diptychon_\u00d6l_LW_je_805x605-1-768x506.jpg 768w, \/wp\/wp-content\/uploads\/2020\/03\/GU_Johannes_Haider_OT_2000_Diptychon_\u00d6l_LW_je_805x605-1.jpg 1000w\" sizes=\"auto, (max-width: 150px) 100vw, 150px\" \/><\/a>\n\t\t\t<\/dt>\n\t\t\t\t<dd class='wp-caption-text gallery-caption' id='gallery-1-10469'>\n\t\t\t\tGalerie Unterlechner, Johannes Haider, O.T. 2000, Diptychon \u00d6l-LW je 80,5&#215;60,5cm (1)\n\t\t\t\t<\/dd><\/dl><dl class='gallery-item'>\n\t\t\t<dt class='gallery-icon portrait'>\n\t\t\t\t<a href='\/wp\/wp-content\/uploads\/2020\/03\/Image.jpeg'><img loading=\"lazy\" decoding=\"async\" width=\"114\" height=\"150\" src=\"\/wp\/wp-content\/uploads\/2020\/03\/Image-114x150.jpeg\" class=\"attachment-thumbnail size-thumbnail\" alt=\"\" srcset=\"\/wp\/wp-content\/uploads\/2020\/03\/Image-114x150.jpeg 114w, \/wp\/wp-content\/uploads\/2020\/03\/Image-228x300.jpeg 228w, \/wp\/wp-content\/uploads\/2020\/03\/Image.jpeg 607w\" sizes=\"auto, (max-width: 114px) 100vw, 114px\" \/><\/a>\n\t\t\t<\/dt><\/dl><dl class='gallery-item'>\n\t\t\t<dt class='gallery-icon portrait'>\n\t\t\t\t<a href='\/wp\/wp-content\/uploads\/2020\/03\/2Image.jpeg'><img loading=\"lazy\" decoding=\"async\" width=\"107\" height=\"150\" src=\"\/wp\/wp-content\/uploads\/2020\/03\/2Image-107x150.jpeg\" class=\"attachment-thumbnail size-thumbnail\" alt=\"\" srcset=\"\/wp\/wp-content\/uploads\/2020\/03\/2Image-107x150.jpeg 107w, \/wp\/wp-content\/uploads\/2020\/03\/2Image-215x300.jpeg 215w, \/wp\/wp-content\/uploads\/2020\/03\/2Image.jpeg 573w\" sizes=\"auto, (max-width: 107px) 100vw, 107px\" \/><\/a>\n\t\t\t<\/dt><\/dl><dl class='gallery-item'>\n\t\t\t<dt class='gallery-icon portrait'>\n\t\t\t\t<a href='\/wp\/wp-content\/uploads\/2020\/03\/GU_Holzinger_Drachenflieger_III_IV_\u00d6l_LW_je_30x30.jpg'><img loading=\"lazy\" decoding=\"async\" width=\"104\" height=\"150\" src=\"\/wp\/wp-content\/uploads\/2020\/03\/GU_Holzinger_Drachenflieger_III_IV_\u00d6l_LW_je_30x30-104x150.jpg\" class=\"attachment-thumbnail size-thumbnail\" alt=\"\" srcset=\"\/wp\/wp-content\/uploads\/2020\/03\/GU_Holzinger_Drachenflieger_III_IV_\u00d6l_LW_je_30x30-104x150.jpg 104w, \/wp\/wp-content\/uploads\/2020\/03\/GU_Holzinger_Drachenflieger_III_IV_\u00d6l_LW_je_30x30-208x300.jpg 208w, \/wp\/wp-content\/uploads\/2020\/03\/GU_Holzinger_Drachenflieger_III_IV_\u00d6l_LW_je_30x30.jpg 554w\" sizes=\"auto, (max-width: 104px) 100vw, 104px\" \/><\/a>\n\t\t\t<\/dt><\/dl><dl class='gallery-item'>\n\t\t\t<dt class='gallery-icon portrait'>\n\t\t\t\t<a href='\/wp\/wp-content\/uploads\/2020\/03\/GU_Schiller_\u00c4pfel_Acryl_lasiert-1-1.jpg'><img loading=\"lazy\" decoding=\"async\" width=\"109\" height=\"150\" src=\"\/wp\/wp-content\/uploads\/2020\/03\/GU_Schiller_\u00c4pfel_Acryl_lasiert-1-1-109x150.jpg\" class=\"attachment-thumbnail size-thumbnail\" alt=\"\" srcset=\"\/wp\/wp-content\/uploads\/2020\/03\/GU_Schiller_\u00c4pfel_Acryl_lasiert-1-1-109x150.jpg 109w, \/wp\/wp-content\/uploads\/2020\/03\/GU_Schiller_\u00c4pfel_Acryl_lasiert-1-1-218x300.jpg 218w, \/wp\/wp-content\/uploads\/2020\/03\/GU_Schiller_\u00c4pfel_Acryl_lasiert-1-1.jpg 580w\" sizes=\"auto, (max-width: 109px) 100vw, 109px\" \/><\/a>\n\t\t\t<\/dt><\/dl><dl class='gallery-item'>\n\t\t\t<dt class='gallery-icon portrait'>\n\t\t\t\t<a href='\/wp\/wp-content\/uploads\/2020\/03\/GU_Schiller_\u00c4pfel_Acryl_lasiert-2-1.jpg'><img loading=\"lazy\" decoding=\"async\" width=\"104\" height=\"150\" src=\"\/wp\/wp-content\/uploads\/2020\/03\/GU_Schiller_\u00c4pfel_Acryl_lasiert-2-1-104x150.jpg\" class=\"attachment-thumbnail size-thumbnail\" alt=\"\" srcset=\"\/wp\/wp-content\/uploads\/2020\/03\/GU_Schiller_\u00c4pfel_Acryl_lasiert-2-1-104x150.jpg 104w, \/wp\/wp-content\/uploads\/2020\/03\/GU_Schiller_\u00c4pfel_Acryl_lasiert-2-1-207x300.jpg 207w, \/wp\/wp-content\/uploads\/2020\/03\/GU_Schiller_\u00c4pfel_Acryl_lasiert-2-1.jpg 552w\" sizes=\"auto, (max-width: 104px) 100vw, 104px\" \/><\/a>\n\t\t\t<\/dt><\/dl><br style=\"clear: both\" \/><dl class='gallery-item'>\n\t\t\t<dt class='gallery-icon portrait'>\n\t\t\t\t<a href='\/wp\/wp-content\/uploads\/2020\/03\/GU_Santoni_Schichtauqrell_100x70_Detail-1-1.jpg'><img loading=\"lazy\" decoding=\"async\" width=\"104\" height=\"150\" src=\"\/wp\/wp-content\/uploads\/2020\/03\/GU_Santoni_Schichtauqrell_100x70_Detail-1-1-104x150.jpg\" class=\"attachment-thumbnail size-thumbnail\" alt=\"\" srcset=\"\/wp\/wp-content\/uploads\/2020\/03\/GU_Santoni_Schichtauqrell_100x70_Detail-1-1-104x150.jpg 104w, \/wp\/wp-content\/uploads\/2020\/03\/GU_Santoni_Schichtauqrell_100x70_Detail-1-1-209x300.jpg 209w, \/wp\/wp-content\/uploads\/2020\/03\/GU_Santoni_Schichtauqrell_100x70_Detail-1-1.jpg 557w\" sizes=\"auto, (max-width: 104px) 100vw, 104px\" \/><\/a>\n\t\t\t<\/dt><\/dl><dl class='gallery-item'>\n\t\t\t<dt class='gallery-icon portrait'>\n\t\t\t\t<a href='\/wp\/wp-content\/uploads\/2020\/03\/GU_Santoni_Schichtauqrell_100x70_Detail-2-1.jpg'><img loading=\"lazy\" decoding=\"async\" width=\"103\" height=\"150\" src=\"\/wp\/wp-content\/uploads\/2020\/03\/GU_Santoni_Schichtauqrell_100x70_Detail-2-1-103x150.jpg\" class=\"attachment-thumbnail size-thumbnail\" alt=\"\" srcset=\"\/wp\/wp-content\/uploads\/2020\/03\/GU_Santoni_Schichtauqrell_100x70_Detail-2-1-103x150.jpg 103w, \/wp\/wp-content\/uploads\/2020\/03\/GU_Santoni_Schichtauqrell_100x70_Detail-2-1-205x300.jpg 205w, \/wp\/wp-content\/uploads\/2020\/03\/GU_Santoni_Schichtauqrell_100x70_Detail-2-1.jpg 547w\" sizes=\"auto, (max-width: 103px) 100vw, 103px\" \/><\/a>\n\t\t\t<\/dt><\/dl><dl class='gallery-item'>\n\t\t\t<dt class='gallery-icon portrait'>\n\t\t\t\t<a href='\/wp\/wp-content\/uploads\/2020\/03\/GU_Heidi_Holleis_Da_Kunst_2010_Plakat\u00fcbermalung-6.jpg'><img loading=\"lazy\" decoding=\"async\" width=\"106\" height=\"150\" src=\"\/wp\/wp-content\/uploads\/2020\/03\/GU_Heidi_Holleis_Da_Kunst_2010_Plakat\u00fcbermalung-6-106x150.jpg\" class=\"attachment-thumbnail size-thumbnail\" alt=\"\" srcset=\"\/wp\/wp-content\/uploads\/2020\/03\/GU_Heidi_Holleis_Da_Kunst_2010_Plakat\u00fcbermalung-6-106x150.jpg 106w, \/wp\/wp-content\/uploads\/2020\/03\/GU_Heidi_Holleis_Da_Kunst_2010_Plakat\u00fcbermalung-6-212x300.jpg 212w, \/wp\/wp-content\/uploads\/2020\/03\/GU_Heidi_Holleis_Da_Kunst_2010_Plakat\u00fcbermalung-6.jpg 566w\" sizes=\"auto, (max-width: 106px) 100vw, 106px\" \/><\/a>\n\t\t\t<\/dt><\/dl><dl class='gallery-item'>\n\t\t\t<dt class='gallery-icon portrait'>\n\t\t\t\t<a href='\/wp\/wp-content\/uploads\/2020\/03\/GU_Heidi_Holleis_Da_Kunst_2010_Plakat\u00fcbermalung-7.jpg'><img loading=\"lazy\" decoding=\"async\" width=\"106\" height=\"150\" src=\"\/wp\/wp-content\/uploads\/2020\/03\/GU_Heidi_Holleis_Da_Kunst_2010_Plakat\u00fcbermalung-7-106x150.jpg\" class=\"attachment-thumbnail size-thumbnail\" alt=\"\" srcset=\"\/wp\/wp-content\/uploads\/2020\/03\/GU_Heidi_Holleis_Da_Kunst_2010_Plakat\u00fcbermalung-7-106x150.jpg 106w, \/wp\/wp-content\/uploads\/2020\/03\/GU_Heidi_Holleis_Da_Kunst_2010_Plakat\u00fcbermalung-7-212x300.jpg 212w, \/wp\/wp-content\/uploads\/2020\/03\/GU_Heidi_Holleis_Da_Kunst_2010_Plakat\u00fcbermalung-7.jpg 566w\" sizes=\"auto, (max-width: 106px) 100vw, 106px\" \/><\/a>\n\t\t\t<\/dt><\/dl><dl class='gallery-item'>\n\t\t\t<dt class='gallery-icon portrait'>\n\t\t\t\t<a href='\/wp\/wp-content\/uploads\/2020\/03\/GU_Heidi_Holleis_Da_Kunst_2010_Plakat\u00fcbermalung-8.jpg'><img loading=\"lazy\" decoding=\"async\" width=\"107\" height=\"150\" src=\"\/wp\/wp-content\/uploads\/2020\/03\/GU_Heidi_Holleis_Da_Kunst_2010_Plakat\u00fcbermalung-8-107x150.jpg\" class=\"attachment-thumbnail size-thumbnail\" alt=\"\" srcset=\"\/wp\/wp-content\/uploads\/2020\/03\/GU_Heidi_Holleis_Da_Kunst_2010_Plakat\u00fcbermalung-8-107x150.jpg 107w, \/wp\/wp-content\/uploads\/2020\/03\/GU_Heidi_Holleis_Da_Kunst_2010_Plakat\u00fcbermalung-8-213x300.jpg 213w, \/wp\/wp-content\/uploads\/2020\/03\/GU_Heidi_Holleis_Da_Kunst_2010_Plakat\u00fcbermalung-8.jpg 569w\" sizes=\"auto, (max-width: 107px) 100vw, 107px\" \/><\/a>\n\t\t\t<\/dt><\/dl><dl class='gallery-item'>\n\t\t\t<dt class='gallery-icon portrait'>\n\t\t\t\t<a href='\/wp\/wp-content\/uploads\/2020\/03\/GU_Heidi_Holleis_Da_Kunst_2010_Plakat\u00fcbermalung-1.jpg'><img loading=\"lazy\" decoding=\"async\" width=\"107\" height=\"150\" src=\"\/wp\/wp-content\/uploads\/2020\/03\/GU_Heidi_Holleis_Da_Kunst_2010_Plakat\u00fcbermalung-1-107x150.jpg\" class=\"attachment-thumbnail size-thumbnail\" alt=\"\" srcset=\"\/wp\/wp-content\/uploads\/2020\/03\/GU_Heidi_Holleis_Da_Kunst_2010_Plakat\u00fcbermalung-1-107x150.jpg 107w, \/wp\/wp-content\/uploads\/2020\/03\/GU_Heidi_Holleis_Da_Kunst_2010_Plakat\u00fcbermalung-1-213x300.jpg 213w, \/wp\/wp-content\/uploads\/2020\/03\/GU_Heidi_Holleis_Da_Kunst_2010_Plakat\u00fcbermalung-1.jpg 568w\" sizes=\"auto, (max-width: 107px) 100vw, 107px\" \/><\/a>\n\t\t\t<\/dt><\/dl><br style=\"clear: both\" \/><dl class='gallery-item'>\n\t\t\t<dt class='gallery-icon landscape'>\n\t\t\t\t<a href='\/wp\/wp-content\/uploads\/2020\/03\/GU_Holleis_Plakat\u00fcbermalungen_2010_Acryl_4x59x42.jpg'><img loading=\"lazy\" decoding=\"async\" width=\"150\" height=\"101\" src=\"\/wp\/wp-content\/uploads\/2020\/03\/GU_Holleis_Plakat\u00fcbermalungen_2010_Acryl_4x59x42-150x101.jpg\" class=\"attachment-thumbnail size-thumbnail\" alt=\"\" srcset=\"\/wp\/wp-content\/uploads\/2020\/03\/GU_Holleis_Plakat\u00fcbermalungen_2010_Acryl_4x59x42-150x101.jpg 150w, \/wp\/wp-content\/uploads\/2020\/03\/GU_Holleis_Plakat\u00fcbermalungen_2010_Acryl_4x59x42-300x201.jpg 300w, \/wp\/wp-content\/uploads\/2020\/03\/GU_Holleis_Plakat\u00fcbermalungen_2010_Acryl_4x59x42-768x515.jpg 768w, \/wp\/wp-content\/uploads\/2020\/03\/GU_Holleis_Plakat\u00fcbermalungen_2010_Acryl_4x59x42.jpg 1000w\" sizes=\"auto, (max-width: 150px) 100vw, 150px\" \/><\/a>\n\t\t\t<\/dt><\/dl><dl class='gallery-item'>\n\t\t\t<dt class='gallery-icon landscape'>\n\t\t\t\t<a href='\/wp\/wp-content\/uploads\/2020\/03\/GU_Holleis_Serie_Plakat\u00fcbermalungen_Acryl_je-59x42-2.jpg'><img loading=\"lazy\" decoding=\"async\" width=\"150\" height=\"100\" src=\"\/wp\/wp-content\/uploads\/2020\/03\/GU_Holleis_Serie_Plakat\u00fcbermalungen_Acryl_je-59x42-2-150x100.jpg\" class=\"attachment-thumbnail size-thumbnail\" alt=\"\" srcset=\"\/wp\/wp-content\/uploads\/2020\/03\/GU_Holleis_Serie_Plakat\u00fcbermalungen_Acryl_je-59x42-2-150x100.jpg 150w, \/wp\/wp-content\/uploads\/2020\/03\/GU_Holleis_Serie_Plakat\u00fcbermalungen_Acryl_je-59x42-2-300x200.jpg 300w, \/wp\/wp-content\/uploads\/2020\/03\/GU_Holleis_Serie_Plakat\u00fcbermalungen_Acryl_je-59x42-2-768x511.jpg 768w, \/wp\/wp-content\/uploads\/2020\/03\/GU_Holleis_Serie_Plakat\u00fcbermalungen_Acryl_je-59x42-2.jpg 1000w\" sizes=\"auto, (max-width: 150px) 100vw, 150px\" \/><\/a>\n\t\t\t<\/dt><\/dl><dl class='gallery-item'>\n\t\t\t<dt class='gallery-icon landscape'>\n\t\t\t\t<a href='\/wp\/wp-content\/uploads\/2020\/03\/GU_Holleis_Serie_Plakat\u00fcbermalungen_Acryl_je-59x42-1.jpg'><img loading=\"lazy\" decoding=\"async\" width=\"150\" height=\"100\" src=\"\/wp\/wp-content\/uploads\/2020\/03\/GU_Holleis_Serie_Plakat\u00fcbermalungen_Acryl_je-59x42-1-150x100.jpg\" class=\"attachment-thumbnail size-thumbnail\" alt=\"\" srcset=\"\/wp\/wp-content\/uploads\/2020\/03\/GU_Holleis_Serie_Plakat\u00fcbermalungen_Acryl_je-59x42-1-150x100.jpg 150w, \/wp\/wp-content\/uploads\/2020\/03\/GU_Holleis_Serie_Plakat\u00fcbermalungen_Acryl_je-59x42-1-300x200.jpg 300w, \/wp\/wp-content\/uploads\/2020\/03\/GU_Holleis_Serie_Plakat\u00fcbermalungen_Acryl_je-59x42-1-768x511.jpg 768w, \/wp\/wp-content\/uploads\/2020\/03\/GU_Holleis_Serie_Plakat\u00fcbermalungen_Acryl_je-59x42-1.jpg 1000w\" sizes=\"auto, (max-width: 150px) 100vw, 150px\" \/><\/a>\n\t\t\t<\/dt><\/dl><dl class='gallery-item'>\n\t\t\t<dt class='gallery-icon landscape'>\n\t\t\t\t<a href='\/wp\/wp-content\/uploads\/2020\/03\/Vernissage_Serielle_Kunst_Kindermann_Letitia_Holleis_\u00dcbermalungen.jpg'><img loading=\"lazy\" decoding=\"async\" width=\"150\" height=\"100\" src=\"\/wp\/wp-content\/uploads\/2020\/03\/Vernissage_Serielle_Kunst_Kindermann_Letitia_Holleis_\u00dcbermalungen-150x100.jpg\" class=\"attachment-thumbnail size-thumbnail\" alt=\"\" srcset=\"\/wp\/wp-content\/uploads\/2020\/03\/Vernissage_Serielle_Kunst_Kindermann_Letitia_Holleis_\u00dcbermalungen-150x100.jpg 150w, \/wp\/wp-content\/uploads\/2020\/03\/Vernissage_Serielle_Kunst_Kindermann_Letitia_Holleis_\u00dcbermalungen-300x200.jpg 300w, \/wp\/wp-content\/uploads\/2020\/03\/Vernissage_Serielle_Kunst_Kindermann_Letitia_Holleis_\u00dcbermalungen-768x512.jpg 768w, \/wp\/wp-content\/uploads\/2020\/03\/Vernissage_Serielle_Kunst_Kindermann_Letitia_Holleis_\u00dcbermalungen.jpg 1000w\" sizes=\"auto, (max-width: 150px) 100vw, 150px\" \/><\/a>\n\t\t\t<\/dt><\/dl><dl class='gallery-item'>\n\t\t\t<dt class='gallery-icon landscape'>\n\t\t\t\t<a href='\/wp\/wp-content\/uploads\/2020\/03\/GU_Kindermann_Serie_Leticia_Graphit_Kohle-1.jpg'><img loading=\"lazy\" decoding=\"async\" width=\"150\" height=\"100\" src=\"\/wp\/wp-content\/uploads\/2020\/03\/GU_Kindermann_Serie_Leticia_Graphit_Kohle-1-150x100.jpg\" class=\"attachment-thumbnail size-thumbnail\" alt=\"\" srcset=\"\/wp\/wp-content\/uploads\/2020\/03\/GU_Kindermann_Serie_Leticia_Graphit_Kohle-1-150x100.jpg 150w, \/wp\/wp-content\/uploads\/2020\/03\/GU_Kindermann_Serie_Leticia_Graphit_Kohle-1-300x200.jpg 300w, \/wp\/wp-content\/uploads\/2020\/03\/GU_Kindermann_Serie_Leticia_Graphit_Kohle-1-768x511.jpg 768w, \/wp\/wp-content\/uploads\/2020\/03\/GU_Kindermann_Serie_Leticia_Graphit_Kohle-1.jpg 1000w\" sizes=\"auto, (max-width: 150px) 100vw, 150px\" \/><\/a>\n\t\t\t<\/dt><\/dl><dl class='gallery-item'>\n\t\t\t<dt class='gallery-icon landscape'>\n\t\t\t\t<a href='\/wp\/wp-content\/uploads\/2020\/03\/GU_Kindermann_Serie_Leticia_Graphit_Kohle-2.jpg'><img loading=\"lazy\" decoding=\"async\" width=\"150\" height=\"100\" src=\"\/wp\/wp-content\/uploads\/2020\/03\/GU_Kindermann_Serie_Leticia_Graphit_Kohle-2-150x100.jpg\" class=\"attachment-thumbnail size-thumbnail\" alt=\"\" srcset=\"\/wp\/wp-content\/uploads\/2020\/03\/GU_Kindermann_Serie_Leticia_Graphit_Kohle-2-150x100.jpg 150w, \/wp\/wp-content\/uploads\/2020\/03\/GU_Kindermann_Serie_Leticia_Graphit_Kohle-2-300x200.jpg 300w, \/wp\/wp-content\/uploads\/2020\/03\/GU_Kindermann_Serie_Leticia_Graphit_Kohle-2-768x511.jpg 768w, \/wp\/wp-content\/uploads\/2020\/03\/GU_Kindermann_Serie_Leticia_Graphit_Kohle-2.jpg 1000w\" sizes=\"auto, (max-width: 150px) 100vw, 150px\" \/><\/a>\n\t\t\t<\/dt><\/dl><br style=\"clear: both\" \/><dl class='gallery-item'>\n\t\t\t<dt class='gallery-icon portrait'>\n\t\t\t\t<a href='\/wp\/wp-content\/uploads\/2020\/03\/L1990750-1.jpg'><img loading=\"lazy\" decoding=\"async\" width=\"117\" height=\"150\" src=\"\/wp\/wp-content\/uploads\/2020\/03\/L1990750-1-117x150.jpg\" class=\"attachment-thumbnail size-thumbnail\" alt=\"\" srcset=\"\/wp\/wp-content\/uploads\/2020\/03\/L1990750-1-117x150.jpg 117w, \/wp\/wp-content\/uploads\/2020\/03\/L1990750-1-233x300.jpg 233w, \/wp\/wp-content\/uploads\/2020\/03\/L1990750-1.jpg 622w\" sizes=\"auto, (max-width: 117px) 100vw, 117px\" \/><\/a>\n\t\t\t<\/dt><\/dl><dl class='gallery-item'>\n\t\t\t<dt class='gallery-icon landscape'>\n\t\t\t\t<a href='\/wp\/wp-content\/uploads\/2020\/03\/GU_Warhol_Marilyn_Serigraphie_91x91-3.jpg'><img loading=\"lazy\" decoding=\"async\" width=\"150\" height=\"150\" src=\"\/wp\/wp-content\/uploads\/2020\/03\/GU_Warhol_Marilyn_Serigraphie_91x91-3-150x150.jpg\" class=\"attachment-thumbnail size-thumbnail\" alt=\"\" srcset=\"\/wp\/wp-content\/uploads\/2020\/03\/GU_Warhol_Marilyn_Serigraphie_91x91-3-150x150.jpg 150w, \/wp\/wp-content\/uploads\/2020\/03\/GU_Warhol_Marilyn_Serigraphie_91x91-3-300x298.jpg 300w, \/wp\/wp-content\/uploads\/2020\/03\/GU_Warhol_Marilyn_Serigraphie_91x91-3-768x762.jpg 768w, \/wp\/wp-content\/uploads\/2020\/03\/GU_Warhol_Marilyn_Serigraphie_91x91-3.jpg 806w\" sizes=\"auto, (max-width: 150px) 100vw, 150px\" \/><\/a>\n\t\t\t<\/dt><\/dl><dl class='gallery-item'>\n\t\t\t<dt class='gallery-icon portrait'>\n\t\t\t\t<a href='\/wp\/wp-content\/uploads\/2020\/03\/GU_Warhol_Marilyn_Serigraphie_91x91-1.jpg'><img loading=\"lazy\" decoding=\"async\" width=\"150\" height=\"150\" src=\"\/wp\/wp-content\/uploads\/2020\/03\/GU_Warhol_Marilyn_Serigraphie_91x91-1-150x150.jpg\" class=\"attachment-thumbnail size-thumbnail\" alt=\"\" srcset=\"\/wp\/wp-content\/uploads\/2020\/03\/GU_Warhol_Marilyn_Serigraphie_91x91-1-150x150.jpg 150w, \/wp\/wp-content\/uploads\/2020\/03\/GU_Warhol_Marilyn_Serigraphie_91x91-1-768x775.jpg 768w, \/wp\/wp-content\/uploads\/2020\/03\/GU_Warhol_Marilyn_Serigraphie_91x91-1.jpg 793w\" sizes=\"auto, (max-width: 150px) 100vw, 150px\" \/><\/a>\n\t\t\t<\/dt><\/dl><dl class='gallery-item'>\n\t\t\t<dt class='gallery-icon portrait'>\n\t\t\t\t<a href='\/wp\/wp-content\/uploads\/2020\/03\/GU_Warhol_Marilyn_Serigraphie_91x91-2.jpg'><img loading=\"lazy\" decoding=\"async\" width=\"148\" height=\"150\" src=\"\/wp\/wp-content\/uploads\/2020\/03\/GU_Warhol_Marilyn_Serigraphie_91x91-2-148x150.jpg\" class=\"attachment-thumbnail size-thumbnail\" alt=\"\" srcset=\"\/wp\/wp-content\/uploads\/2020\/03\/GU_Warhol_Marilyn_Serigraphie_91x91-2-148x150.jpg 148w, \/wp\/wp-content\/uploads\/2020\/03\/GU_Warhol_Marilyn_Serigraphie_91x91-2-297x300.jpg 297w, \/wp\/wp-content\/uploads\/2020\/03\/GU_Warhol_Marilyn_Serigraphie_91x91-2-768x777.jpg 768w, \/wp\/wp-content\/uploads\/2020\/03\/GU_Warhol_Marilyn_Serigraphie_91x91-2.jpg 791w\" sizes=\"auto, (max-width: 148px) 100vw, 148px\" \/><\/a>\n\t\t\t<\/dt><\/dl><dl class='gallery-item'>\n\t\t\t<dt class='gallery-icon portrait'>\n\t\t\t\t<a href='\/wp\/wp-content\/uploads\/2020\/03\/GU_Ehrsam_Weltherz_2020_MT_Papier_30x27-1.jpg'><img loading=\"lazy\" decoding=\"async\" width=\"143\" height=\"150\" src=\"\/wp\/wp-content\/uploads\/2020\/03\/GU_Ehrsam_Weltherz_2020_MT_Papier_30x27-1-143x150.jpg\" class=\"attachment-thumbnail size-thumbnail\" alt=\"\" srcset=\"\/wp\/wp-content\/uploads\/2020\/03\/GU_Ehrsam_Weltherz_2020_MT_Papier_30x27-1-143x150.jpg 143w, \/wp\/wp-content\/uploads\/2020\/03\/GU_Ehrsam_Weltherz_2020_MT_Papier_30x27-1-286x300.jpg 286w, \/wp\/wp-content\/uploads\/2020\/03\/GU_Ehrsam_Weltherz_2020_MT_Papier_30x27-1.jpg 763w\" sizes=\"auto, (max-width: 143px) 100vw, 143px\" \/><\/a>\n\t\t\t<\/dt><\/dl><dl class='gallery-item'>\n\t\t\t<dt class='gallery-icon portrait'>\n\t\t\t\t<a href='\/wp\/wp-content\/uploads\/2020\/03\/GU_Ehrsam_Weltherz_2020_MT_Papier_30x27-2.jpg'><img loading=\"lazy\" decoding=\"async\" width=\"135\" height=\"150\" src=\"\/wp\/wp-content\/uploads\/2020\/03\/GU_Ehrsam_Weltherz_2020_MT_Papier_30x27-2-135x150.jpg\" class=\"attachment-thumbnail size-thumbnail\" alt=\"\" srcset=\"\/wp\/wp-content\/uploads\/2020\/03\/GU_Ehrsam_Weltherz_2020_MT_Papier_30x27-2-135x150.jpg 135w, \/wp\/wp-content\/uploads\/2020\/03\/GU_Ehrsam_Weltherz_2020_MT_Papier_30x27-2-271x300.jpg 271w, \/wp\/wp-content\/uploads\/2020\/03\/GU_Ehrsam_Weltherz_2020_MT_Papier_30x27-2.jpg 722w\" sizes=\"auto, (max-width: 135px) 100vw, 135px\" \/><\/a>\n\t\t\t<\/dt><\/dl><br style=\"clear: both\" \/>\n\t\t<\/div>\n\n<p><\/div><div id=\"content_tab_0_2\" class=\"content_tab\"><\/p>\n<p>\n\t\t<style type=\"text\/css\">\n\t\t\t#gallery-2 {\n\t\t\t\tmargin: auto;\n\t\t\t}\n\t\t\t#gallery-2 .gallery-item {\n\t\t\t\tfloat: left;\n\t\t\t\tmargin-top: 10px;\n\t\t\t\ttext-align: center;\n\t\t\t\twidth: 16%;\n\t\t\t}\n\t\t\t#gallery-2 img {\n\t\t\t\tborder: 2px solid #cfcfcf;\n\t\t\t}\n\t\t\t#gallery-2 .gallery-caption {\n\t\t\t\tmargin-left: 0;\n\t\t\t}\n\t\t\t\/* see gallery_shortcode() in wp-includes\/media.php *\/\n\t\t<\/style>\n\t\t<div id='gallery-2' class='gallery galleryid-10428 gallery-columns-6 gallery-size-thumbnail'><dl class='gallery-item'>\n\t\t\t<dt class='gallery-icon portrait'>\n\t\t\t\t<a href='\/wp\/wp-content\/uploads\/2020\/03\/Vernissage-Serielle-Kunst-19.jpg'><img loading=\"lazy\" decoding=\"async\" width=\"100\" height=\"150\" src=\"\/wp\/wp-content\/uploads\/2020\/03\/Vernissage-Serielle-Kunst-19-100x150.jpg\" class=\"attachment-thumbnail size-thumbnail\" alt=\"\" srcset=\"\/wp\/wp-content\/uploads\/2020\/03\/Vernissage-Serielle-Kunst-19-100x150.jpg 100w, \/wp\/wp-content\/uploads\/2020\/03\/Vernissage-Serielle-Kunst-19-200x300.jpg 200w, \/wp\/wp-content\/uploads\/2020\/03\/Vernissage-Serielle-Kunst-19.jpg 533w\" sizes=\"auto, (max-width: 100px) 100vw, 100px\" \/><\/a>\n\t\t\t<\/dt><\/dl><dl class='gallery-item'>\n\t\t\t<dt class='gallery-icon portrait'>\n\t\t\t\t<a href='\/wp\/wp-content\/uploads\/2020\/03\/Vernissage-Serielle-Kunst-21.jpg'><img loading=\"lazy\" decoding=\"async\" width=\"100\" height=\"150\" src=\"\/wp\/wp-content\/uploads\/2020\/03\/Vernissage-Serielle-Kunst-21-100x150.jpg\" class=\"attachment-thumbnail size-thumbnail\" alt=\"\" srcset=\"\/wp\/wp-content\/uploads\/2020\/03\/Vernissage-Serielle-Kunst-21-100x150.jpg 100w, \/wp\/wp-content\/uploads\/2020\/03\/Vernissage-Serielle-Kunst-21-200x300.jpg 200w, \/wp\/wp-content\/uploads\/2020\/03\/Vernissage-Serielle-Kunst-21.jpg 533w\" sizes=\"auto, (max-width: 100px) 100vw, 100px\" \/><\/a>\n\t\t\t<\/dt><\/dl><dl class='gallery-item'>\n\t\t\t<dt class='gallery-icon portrait'>\n\t\t\t\t<a href='\/wp\/wp-content\/uploads\/2020\/03\/Vernissage-Serielle-Kunst-18.jpg'><img loading=\"lazy\" decoding=\"async\" width=\"100\" height=\"150\" src=\"\/wp\/wp-content\/uploads\/2020\/03\/Vernissage-Serielle-Kunst-18-100x150.jpg\" class=\"attachment-thumbnail size-thumbnail\" alt=\"\" srcset=\"\/wp\/wp-content\/uploads\/2020\/03\/Vernissage-Serielle-Kunst-18-100x150.jpg 100w, \/wp\/wp-content\/uploads\/2020\/03\/Vernissage-Serielle-Kunst-18-200x300.jpg 200w, \/wp\/wp-content\/uploads\/2020\/03\/Vernissage-Serielle-Kunst-18.jpg 533w\" sizes=\"auto, (max-width: 100px) 100vw, 100px\" \/><\/a>\n\t\t\t<\/dt><\/dl><dl class='gallery-item'>\n\t\t\t<dt class='gallery-icon portrait'>\n\t\t\t\t<a href='\/wp\/wp-content\/uploads\/2020\/03\/Vernissage-Serielle-Kunst-27.jpg'><img loading=\"lazy\" decoding=\"async\" width=\"100\" height=\"150\" src=\"\/wp\/wp-content\/uploads\/2020\/03\/Vernissage-Serielle-Kunst-27-100x150.jpg\" class=\"attachment-thumbnail size-thumbnail\" alt=\"\" srcset=\"\/wp\/wp-content\/uploads\/2020\/03\/Vernissage-Serielle-Kunst-27-100x150.jpg 100w, \/wp\/wp-content\/uploads\/2020\/03\/Vernissage-Serielle-Kunst-27-200x300.jpg 200w, \/wp\/wp-content\/uploads\/2020\/03\/Vernissage-Serielle-Kunst-27.jpg 533w\" sizes=\"auto, (max-width: 100px) 100vw, 100px\" \/><\/a>\n\t\t\t<\/dt><\/dl><dl class='gallery-item'>\n\t\t\t<dt class='gallery-icon portrait'>\n\t\t\t\t<a href='\/wp\/wp-content\/uploads\/2020\/03\/Vernissage-Serielle-Kunst-29.jpg'><img loading=\"lazy\" decoding=\"async\" width=\"100\" height=\"150\" src=\"\/wp\/wp-content\/uploads\/2020\/03\/Vernissage-Serielle-Kunst-29-100x150.jpg\" class=\"attachment-thumbnail size-thumbnail\" alt=\"\" srcset=\"\/wp\/wp-content\/uploads\/2020\/03\/Vernissage-Serielle-Kunst-29-100x150.jpg 100w, \/wp\/wp-content\/uploads\/2020\/03\/Vernissage-Serielle-Kunst-29-200x300.jpg 200w, \/wp\/wp-content\/uploads\/2020\/03\/Vernissage-Serielle-Kunst-29.jpg 533w\" sizes=\"auto, (max-width: 100px) 100vw, 100px\" \/><\/a>\n\t\t\t<\/dt><\/dl><dl class='gallery-item'>\n\t\t\t<dt class='gallery-icon portrait'>\n\t\t\t\t<a href='\/wp\/wp-content\/uploads\/2020\/03\/Vernissage-Serielle-Kunst-28.jpg'><img loading=\"lazy\" decoding=\"async\" width=\"100\" height=\"150\" src=\"\/wp\/wp-content\/uploads\/2020\/03\/Vernissage-Serielle-Kunst-28-100x150.jpg\" class=\"attachment-thumbnail size-thumbnail\" alt=\"\" srcset=\"\/wp\/wp-content\/uploads\/2020\/03\/Vernissage-Serielle-Kunst-28-100x150.jpg 100w, \/wp\/wp-content\/uploads\/2020\/03\/Vernissage-Serielle-Kunst-28-200x300.jpg 200w, \/wp\/wp-content\/uploads\/2020\/03\/Vernissage-Serielle-Kunst-28.jpg 533w\" sizes=\"auto, (max-width: 100px) 100vw, 100px\" \/><\/a>\n\t\t\t<\/dt><\/dl><br style=\"clear: both\" \/><dl class='gallery-item'>\n\t\t\t<dt class='gallery-icon landscape'>\n\t\t\t\t<a href='\/wp\/wp-content\/uploads\/2020\/03\/Vernissage-Serielle-Kunst-20.jpg'><img loading=\"lazy\" decoding=\"async\" width=\"150\" height=\"100\" src=\"\/wp\/wp-content\/uploads\/2020\/03\/Vernissage-Serielle-Kunst-20-150x100.jpg\" class=\"attachment-thumbnail size-thumbnail\" alt=\"\" srcset=\"\/wp\/wp-content\/uploads\/2020\/03\/Vernissage-Serielle-Kunst-20-150x100.jpg 150w, \/wp\/wp-content\/uploads\/2020\/03\/Vernissage-Serielle-Kunst-20-300x200.jpg 300w, \/wp\/wp-content\/uploads\/2020\/03\/Vernissage-Serielle-Kunst-20-768x512.jpg 768w, \/wp\/wp-content\/uploads\/2020\/03\/Vernissage-Serielle-Kunst-20.jpg 1000w\" sizes=\"auto, (max-width: 150px) 100vw, 150px\" \/><\/a>\n\t\t\t<\/dt><\/dl><dl class='gallery-item'>\n\t\t\t<dt class='gallery-icon landscape'>\n\t\t\t\t<a href='\/wp\/wp-content\/uploads\/2020\/03\/Vernissage-Serielle-Kunst-32.jpg'><img loading=\"lazy\" decoding=\"async\" width=\"150\" height=\"108\" src=\"\/wp\/wp-content\/uploads\/2020\/03\/Vernissage-Serielle-Kunst-32-150x108.jpg\" class=\"attachment-thumbnail size-thumbnail\" alt=\"\" srcset=\"\/wp\/wp-content\/uploads\/2020\/03\/Vernissage-Serielle-Kunst-32-150x108.jpg 150w, \/wp\/wp-content\/uploads\/2020\/03\/Vernissage-Serielle-Kunst-32-300x216.jpg 300w, \/wp\/wp-content\/uploads\/2020\/03\/Vernissage-Serielle-Kunst-32-768x554.jpg 768w, \/wp\/wp-content\/uploads\/2020\/03\/Vernissage-Serielle-Kunst-32.jpg 1000w\" sizes=\"auto, (max-width: 150px) 100vw, 150px\" \/><\/a>\n\t\t\t<\/dt><\/dl><dl class='gallery-item'>\n\t\t\t<dt class='gallery-icon landscape'>\n\t\t\t\t<a href='\/wp\/wp-content\/uploads\/2020\/03\/Vernissage-Serielle-Kunst-23.jpg'><img loading=\"lazy\" decoding=\"async\" width=\"150\" height=\"100\" src=\"\/wp\/wp-content\/uploads\/2020\/03\/Vernissage-Serielle-Kunst-23-150x100.jpg\" class=\"attachment-thumbnail size-thumbnail\" alt=\"\" srcset=\"\/wp\/wp-content\/uploads\/2020\/03\/Vernissage-Serielle-Kunst-23-150x100.jpg 150w, \/wp\/wp-content\/uploads\/2020\/03\/Vernissage-Serielle-Kunst-23-300x200.jpg 300w, \/wp\/wp-content\/uploads\/2020\/03\/Vernissage-Serielle-Kunst-23-768x512.jpg 768w, \/wp\/wp-content\/uploads\/2020\/03\/Vernissage-Serielle-Kunst-23.jpg 1000w\" sizes=\"auto, (max-width: 150px) 100vw, 150px\" \/><\/a>\n\t\t\t<\/dt><\/dl><dl class='gallery-item'>\n\t\t\t<dt class='gallery-icon landscape'>\n\t\t\t\t<a href='\/wp\/wp-content\/uploads\/2020\/03\/Vernissage-Serielle-Kunst-24.jpg'><img loading=\"lazy\" decoding=\"async\" width=\"150\" height=\"100\" src=\"\/wp\/wp-content\/uploads\/2020\/03\/Vernissage-Serielle-Kunst-24-150x100.jpg\" class=\"attachment-thumbnail size-thumbnail\" alt=\"\" srcset=\"\/wp\/wp-content\/uploads\/2020\/03\/Vernissage-Serielle-Kunst-24-150x100.jpg 150w, \/wp\/wp-content\/uploads\/2020\/03\/Vernissage-Serielle-Kunst-24-300x200.jpg 300w, \/wp\/wp-content\/uploads\/2020\/03\/Vernissage-Serielle-Kunst-24-768x512.jpg 768w, \/wp\/wp-content\/uploads\/2020\/03\/Vernissage-Serielle-Kunst-24.jpg 1000w\" sizes=\"auto, (max-width: 150px) 100vw, 150px\" \/><\/a>\n\t\t\t<\/dt><\/dl><dl class='gallery-item'>\n\t\t\t<dt class='gallery-icon landscape'>\n\t\t\t\t<a href='\/wp\/wp-content\/uploads\/2020\/03\/Vernissage-Serielle-Kunst-33.jpg'><img loading=\"lazy\" decoding=\"async\" width=\"150\" height=\"100\" src=\"\/wp\/wp-content\/uploads\/2020\/03\/Vernissage-Serielle-Kunst-33-150x100.jpg\" class=\"attachment-thumbnail size-thumbnail\" alt=\"\" srcset=\"\/wp\/wp-content\/uploads\/2020\/03\/Vernissage-Serielle-Kunst-33-150x100.jpg 150w, \/wp\/wp-content\/uploads\/2020\/03\/Vernissage-Serielle-Kunst-33-300x200.jpg 300w, \/wp\/wp-content\/uploads\/2020\/03\/Vernissage-Serielle-Kunst-33-768x512.jpg 768w, \/wp\/wp-content\/uploads\/2020\/03\/Vernissage-Serielle-Kunst-33.jpg 1000w\" sizes=\"auto, (max-width: 150px) 100vw, 150px\" \/><\/a>\n\t\t\t<\/dt><\/dl><dl class='gallery-item'>\n\t\t\t<dt class='gallery-icon landscape'>\n\t\t\t\t<a href='\/wp\/wp-content\/uploads\/2020\/03\/Vernissage-Serielle-Kunst-34.jpg'><img loading=\"lazy\" decoding=\"async\" width=\"150\" height=\"100\" src=\"\/wp\/wp-content\/uploads\/2020\/03\/Vernissage-Serielle-Kunst-34-150x100.jpg\" class=\"attachment-thumbnail size-thumbnail\" alt=\"\" srcset=\"\/wp\/wp-content\/uploads\/2020\/03\/Vernissage-Serielle-Kunst-34-150x100.jpg 150w, \/wp\/wp-content\/uploads\/2020\/03\/Vernissage-Serielle-Kunst-34-300x200.jpg 300w, \/wp\/wp-content\/uploads\/2020\/03\/Vernissage-Serielle-Kunst-34-768x512.jpg 768w, \/wp\/wp-content\/uploads\/2020\/03\/Vernissage-Serielle-Kunst-34.jpg 1000w\" sizes=\"auto, (max-width: 150px) 100vw, 150px\" \/><\/a>\n\t\t\t<\/dt><\/dl><br style=\"clear: both\" \/><dl class='gallery-item'>\n\t\t\t<dt class='gallery-icon landscape'>\n\t\t\t\t<a href='\/wp\/wp-content\/uploads\/2020\/03\/Vernissage-Serielle-Kunst-35.jpg'><img loading=\"lazy\" decoding=\"async\" width=\"150\" height=\"100\" src=\"\/wp\/wp-content\/uploads\/2020\/03\/Vernissage-Serielle-Kunst-35-150x100.jpg\" class=\"attachment-thumbnail size-thumbnail\" alt=\"\" srcset=\"\/wp\/wp-content\/uploads\/2020\/03\/Vernissage-Serielle-Kunst-35-150x100.jpg 150w, \/wp\/wp-content\/uploads\/2020\/03\/Vernissage-Serielle-Kunst-35-300x200.jpg 300w, \/wp\/wp-content\/uploads\/2020\/03\/Vernissage-Serielle-Kunst-35-768x512.jpg 768w, \/wp\/wp-content\/uploads\/2020\/03\/Vernissage-Serielle-Kunst-35.jpg 1000w\" sizes=\"auto, (max-width: 150px) 100vw, 150px\" \/><\/a>\n\t\t\t<\/dt><\/dl><dl class='gallery-item'>\n\t\t\t<dt class='gallery-icon landscape'>\n\t\t\t\t<a href='\/wp\/wp-content\/uploads\/2020\/03\/Vernissage-Serielle-Kunst-17.jpg'><img loading=\"lazy\" decoding=\"async\" width=\"150\" height=\"100\" src=\"\/wp\/wp-content\/uploads\/2020\/03\/Vernissage-Serielle-Kunst-17-150x100.jpg\" class=\"attachment-thumbnail size-thumbnail\" alt=\"\" srcset=\"\/wp\/wp-content\/uploads\/2020\/03\/Vernissage-Serielle-Kunst-17-150x100.jpg 150w, \/wp\/wp-content\/uploads\/2020\/03\/Vernissage-Serielle-Kunst-17-300x200.jpg 300w, \/wp\/wp-content\/uploads\/2020\/03\/Vernissage-Serielle-Kunst-17-768x512.jpg 768w, \/wp\/wp-content\/uploads\/2020\/03\/Vernissage-Serielle-Kunst-17.jpg 1000w\" sizes=\"auto, (max-width: 150px) 100vw, 150px\" \/><\/a>\n\t\t\t<\/dt><\/dl><dl class='gallery-item'>\n\t\t\t<dt class='gallery-icon landscape'>\n\t\t\t\t<a href='\/wp\/wp-content\/uploads\/2020\/03\/Vernissage-Serielle-Kunst-36.jpg'><img loading=\"lazy\" decoding=\"async\" width=\"150\" height=\"100\" src=\"\/wp\/wp-content\/uploads\/2020\/03\/Vernissage-Serielle-Kunst-36-150x100.jpg\" class=\"attachment-thumbnail size-thumbnail\" alt=\"\" srcset=\"\/wp\/wp-content\/uploads\/2020\/03\/Vernissage-Serielle-Kunst-36-150x100.jpg 150w, \/wp\/wp-content\/uploads\/2020\/03\/Vernissage-Serielle-Kunst-36-300x200.jpg 300w, \/wp\/wp-content\/uploads\/2020\/03\/Vernissage-Serielle-Kunst-36-768x512.jpg 768w, \/wp\/wp-content\/uploads\/2020\/03\/Vernissage-Serielle-Kunst-36.jpg 1000w\" sizes=\"auto, (max-width: 150px) 100vw, 150px\" \/><\/a>\n\t\t\t<\/dt><\/dl><dl class='gallery-item'>\n\t\t\t<dt class='gallery-icon portrait'>\n\t\t\t\t<a href='\/wp\/wp-content\/uploads\/2020\/03\/Vernissage-Serielle-Kunst-22.jpg'><img loading=\"lazy\" decoding=\"async\" width=\"100\" height=\"150\" src=\"\/wp\/wp-content\/uploads\/2020\/03\/Vernissage-Serielle-Kunst-22-100x150.jpg\" class=\"attachment-thumbnail size-thumbnail\" alt=\"\" srcset=\"\/wp\/wp-content\/uploads\/2020\/03\/Vernissage-Serielle-Kunst-22-100x150.jpg 100w, \/wp\/wp-content\/uploads\/2020\/03\/Vernissage-Serielle-Kunst-22-200x300.jpg 200w, \/wp\/wp-content\/uploads\/2020\/03\/Vernissage-Serielle-Kunst-22.jpg 533w\" sizes=\"auto, (max-width: 100px) 100vw, 100px\" \/><\/a>\n\t\t\t<\/dt><\/dl><dl class='gallery-item'>\n\t\t\t<dt class='gallery-icon portrait'>\n\t\t\t\t<a href='\/wp\/wp-content\/uploads\/2020\/03\/Vernissage-Serielle-Kunst-26.jpg'><img loading=\"lazy\" decoding=\"async\" width=\"100\" height=\"150\" src=\"\/wp\/wp-content\/uploads\/2020\/03\/Vernissage-Serielle-Kunst-26-100x150.jpg\" class=\"attachment-thumbnail size-thumbnail\" alt=\"\" srcset=\"\/wp\/wp-content\/uploads\/2020\/03\/Vernissage-Serielle-Kunst-26-100x150.jpg 100w, \/wp\/wp-content\/uploads\/2020\/03\/Vernissage-Serielle-Kunst-26-200x300.jpg 200w, \/wp\/wp-content\/uploads\/2020\/03\/Vernissage-Serielle-Kunst-26.jpg 533w\" sizes=\"auto, (max-width: 100px) 100vw, 100px\" \/><\/a>\n\t\t\t<\/dt><\/dl><dl class='gallery-item'>\n\t\t\t<dt class='gallery-icon portrait'>\n\t\t\t\t<a href='\/wp\/wp-content\/uploads\/2020\/03\/Vernissage-Serielle-Kunst-30.jpg'><img loading=\"lazy\" decoding=\"async\" width=\"100\" height=\"150\" src=\"\/wp\/wp-content\/uploads\/2020\/03\/Vernissage-Serielle-Kunst-30-100x150.jpg\" class=\"attachment-thumbnail size-thumbnail\" alt=\"\" srcset=\"\/wp\/wp-content\/uploads\/2020\/03\/Vernissage-Serielle-Kunst-30-100x150.jpg 100w, \/wp\/wp-content\/uploads\/2020\/03\/Vernissage-Serielle-Kunst-30-200x300.jpg 200w, \/wp\/wp-content\/uploads\/2020\/03\/Vernissage-Serielle-Kunst-30.jpg 533w\" sizes=\"auto, (max-width: 100px) 100vw, 100px\" \/><\/a>\n\t\t\t<\/dt><\/dl><br style=\"clear: both\" \/><dl class='gallery-item'>\n\t\t\t<dt class='gallery-icon portrait'>\n\t\t\t\t<a href='\/wp\/wp-content\/uploads\/2020\/03\/Vernissage-Serielle-Kunst-16.jpg'><img loading=\"lazy\" decoding=\"async\" width=\"100\" height=\"150\" src=\"\/wp\/wp-content\/uploads\/2020\/03\/Vernissage-Serielle-Kunst-16-100x150.jpg\" class=\"attachment-thumbnail size-thumbnail\" alt=\"\" srcset=\"\/wp\/wp-content\/uploads\/2020\/03\/Vernissage-Serielle-Kunst-16-100x150.jpg 100w, \/wp\/wp-content\/uploads\/2020\/03\/Vernissage-Serielle-Kunst-16-200x300.jpg 200w, \/wp\/wp-content\/uploads\/2020\/03\/Vernissage-Serielle-Kunst-16.jpg 533w\" sizes=\"auto, (max-width: 100px) 100vw, 100px\" \/><\/a>\n\t\t\t<\/dt><\/dl>\n\t\t\t<br style='clear: both' \/>\n\t\t<\/div>\n<\/p>\n<p><\/div><div id=\"content_tab_0_3\" class=\"content_tab\"><img loading=\"lazy\" decoding=\"async\" class=\"alignright size-large wp-image-10523\" src=\"\/wp\/wp-content\/uploads\/2020\/03\/PR_Rathausinfo_2020_5-1000x687.jpg\" alt=\"\" width=\"1000\" height=\"687\" srcset=\"\/wp\/wp-content\/uploads\/2020\/03\/PR_Rathausinfo_2020_5.jpg 1000w, \/wp\/wp-content\/uploads\/2020\/03\/PR_Rathausinfo_2020_5-150x103.jpg 150w, \/wp\/wp-content\/uploads\/2020\/03\/PR_Rathausinfo_2020_5-300x206.jpg 300w, \/wp\/wp-content\/uploads\/2020\/03\/PR_Rathausinfo_2020_5-768x528.jpg 768w\" sizes=\"auto, (max-width: 1000px) 100vw, 1000px\" \/><img loading=\"lazy\" decoding=\"async\" class=\"alignright size-medium wp-image-10431\" src=\"\/wp\/wp-content\/uploads\/2020\/03\/PR_TT_Lokales_120320-245x300.jpg\" alt=\"\" width=\"245\" height=\"300\" srcset=\"\/wp\/wp-content\/uploads\/2020\/03\/PR_TT_Lokales_120320-245x300.jpg 245w, \/wp\/wp-content\/uploads\/2020\/03\/PR_TT_Lokales_120320-123x150.jpg 123w, \/wp\/wp-content\/uploads\/2020\/03\/PR_TT_Lokales_120320.jpg 645w\" sizes=\"auto, (max-width: 245px) 100vw, 245px\" \/><\/p>\n<p><\/div><\/div><\/div><\/p>\n<p>&nbsp;<\/p>\n","protected":false},"excerpt":{"rendered":"<p>SERIELLE BILDENDE KUNST, obwohl aus der Zeitgen\u00f6ssischen Kunst nicht wegzudenken, ist selten ein generelles Thema f\u00fcr eine Ausstellung. SERIELLE MUSIK dagegen ist ein fixer Bestandteil der Neuen Musik. SERIELLES versucht durch Wiederholungen oder wiederholte Variationen desselben Sujets ein neues Resultat &hellip; <a href=\"http:\/\/www.galerieunterlechner.at\/wp\/gu-10-03-20-bis-09-05-20-serielle-kunst\/\">Weiterlesen <span class=\"meta-nav\">&rarr;<\/span><\/a><\/p>\n","protected":false},"author":4,"featured_media":0,"comment_status":"closed","ping_status":"closed","sticky":false,"template":"","format":"standard","meta":{"footnotes":""},"categories":[14],"tags":[],"class_list":["post-10428","post","type-post","status-publish","format-standard","hentry","category-ausstellungen"],"_links":{"self":[{"href":"http:\/\/www.galerieunterlechner.at\/wp\/wp-json\/wp\/v2\/posts\/10428","targetHints":{"allow":["GET"]}}],"collection":[{"href":"http:\/\/www.galerieunterlechner.at\/wp\/wp-json\/wp\/v2\/posts"}],"about":[{"href":"http:\/\/www.galerieunterlechner.at\/wp\/wp-json\/wp\/v2\/types\/post"}],"author":[{"embeddable":true,"href":"http:\/\/www.galerieunterlechner.at\/wp\/wp-json\/wp\/v2\/users\/4"}],"replies":[{"embeddable":true,"href":"http:\/\/www.galerieunterlechner.at\/wp\/wp-json\/wp\/v2\/comments?post=10428"}],"version-history":[{"count":18,"href":"http:\/\/www.galerieunterlechner.at\/wp\/wp-json\/wp\/v2\/posts\/10428\/revisions"}],"predecessor-version":[{"id":10525,"href":"http:\/\/www.galerieunterlechner.at\/wp\/wp-json\/wp\/v2\/posts\/10428\/revisions\/10525"}],"wp:attachment":[{"href":"http:\/\/www.galerieunterlechner.at\/wp\/wp-json\/wp\/v2\/media?parent=10428"}],"wp:term":[{"taxonomy":"category","embeddable":true,"href":"http:\/\/www.galerieunterlechner.at\/wp\/wp-json\/wp\/v2\/categories?post=10428"},{"taxonomy":"post_tag","embeddable":true,"href":"http:\/\/www.galerieunterlechner.at\/wp\/wp-json\/wp\/v2\/tags?post=10428"}],"curies":[{"name":"wp","href":"https:\/\/api.w.org\/{rel}","templated":true}]}}