{"id":9027,"date":"2018-11-14T16:04:14","date_gmt":"2018-11-14T14:04:14","guid":{"rendered":"http:\/\/www.galerieunterlechner.at\/wp\/jazz-mit-saltbrennt-12-oktober-2018-um-2000-uhr-copy\/"},"modified":"2018-11-25T18:33:35","modified_gmt":"2018-11-25T16:33:35","slug":"jazz-mit-lania-16-november-2018-um-2000-uhr","status":"publish","type":"post","link":"http:\/\/www.galerieunterlechner.at\/wp\/jazz-mit-lania-16-november-2018-um-2000-uhr\/","title":{"rendered":"Jazz mit LANIA, 16. NOVEMBER 2018 um 20:00 Uhr"},"content":{"rendered":"<p>&nbsp;<\/p>\n<p>Der Schwazer Verein JAZZKAFFEE veranstaltet am 16. November Oktober um 20:00 Uhr sein zweites Herbstkonzert in der Galerie Unterlechner mit der Formation LANIA. Die f\u00fcnf Mitglieder\u00a0 von Lania verbindet eine langj\u00e4hrige freundschaftliche und musikalische Beziehung. Sie genie\u00dfen es, auf allen Ebenen sich gegenseitig zuzuh\u00f6ren und lieben das aus ihrer wertsch\u00e4tzenden Zusammenarbeit entstehende Resultat.<img loading=\"lazy\" decoding=\"async\" class=\"alignright size-medium wp-image-9031\" src=\"\/wp\/wp-content\/uploads\/2018\/11\/Galerie-Unterlechner-lania-11-300x200.jpg\" alt=\"\" width=\"300\" height=\"200\" srcset=\"\/wp\/wp-content\/uploads\/2018\/11\/Galerie-Unterlechner-lania-11-300x200.jpg 300w, \/wp\/wp-content\/uploads\/2018\/11\/Galerie-Unterlechner-lania-11-150x100.jpg 150w, \/wp\/wp-content\/uploads\/2018\/11\/Galerie-Unterlechner-lania-11-768x511.jpg 768w, \/wp\/wp-content\/uploads\/2018\/11\/Galerie-Unterlechner-lania-11.jpg 1000w\" sizes=\"auto, (max-width: 300px) 100vw, 300px\" \/><\/p>\n<p>Stefanie FETTNER, Gesang, Alexander GOIDINGER, Klavier, Bernd HHAS, Gitarre, Florian BAUMGARTNER, Schlagzeug, Klaus TELFSER, Kontrabass.<\/p>\n<p>Die Galerie ist gerade in Umstellung, zu sehen sind bereits einige Arbeiten von John David Crabtree von der n\u00e4chsten Ausstellung &#8222;WIE EINE LANDSCHAFT&#8220; ab dem 22. November 2018.<\/p>\n","protected":false},"excerpt":{"rendered":"<p>&nbsp; Der Schwazer Verein JAZZKAFFEE veranstaltet am 16. November Oktober um 20:00 Uhr sein zweites Herbstkonzert in der Galerie Unterlechner mit der Formation LANIA. Die f\u00fcnf Mitglieder\u00a0 von Lania verbindet eine langj\u00e4hrige freundschaftliche und musikalische Beziehung. Sie genie\u00dfen es, auf &hellip; <a href=\"http:\/\/www.galerieunterlechner.at\/wp\/jazz-mit-lania-16-november-2018-um-2000-uhr\/\">Weiterlesen <span class=\"meta-nav\">&rarr;<\/span><\/a><\/p>\n","protected":false},"author":4,"featured_media":0,"comment_status":"closed","ping_status":"closed","sticky":false,"template":"","format":"standard","meta":{"footnotes":""},"categories":[1],"tags":[],"class_list":["post-9027","post","type-post","status-publish","format-standard","hentry","category-allgemein"],"_links":{"self":[{"href":"http:\/\/www.galerieunterlechner.at\/wp\/wp-json\/wp\/v2\/posts\/9027","targetHints":{"allow":["GET"]}}],"collection":[{"href":"http:\/\/www.galerieunterlechner.at\/wp\/wp-json\/wp\/v2\/posts"}],"about":[{"href":"http:\/\/www.galerieunterlechner.at\/wp\/wp-json\/wp\/v2\/types\/post"}],"author":[{"embeddable":true,"href":"http:\/\/www.galerieunterlechner.at\/wp\/wp-json\/wp\/v2\/users\/4"}],"replies":[{"embeddable":true,"href":"http:\/\/www.galerieunterlechner.at\/wp\/wp-json\/wp\/v2\/comments?post=9027"}],"version-history":[{"count":4,"href":"http:\/\/www.galerieunterlechner.at\/wp\/wp-json\/wp\/v2\/posts\/9027\/revisions"}],"predecessor-version":[{"id":9032,"href":"http:\/\/www.galerieunterlechner.at\/wp\/wp-json\/wp\/v2\/posts\/9027\/revisions\/9032"}],"wp:attachment":[{"href":"http:\/\/www.galerieunterlechner.at\/wp\/wp-json\/wp\/v2\/media?parent=9027"}],"wp:term":[{"taxonomy":"category","embeddable":true,"href":"http:\/\/www.galerieunterlechner.at\/wp\/wp-json\/wp\/v2\/categories?post=9027"},{"taxonomy":"post_tag","embeddable":true,"href":"http:\/\/www.galerieunterlechner.at\/wp\/wp-json\/wp\/v2\/tags?post=9027"}],"curies":[{"name":"wp","href":"https:\/\/api.w.org\/{rel}","templated":true}]}}