{"id":9465,"date":"2019-04-12T17:07:08","date_gmt":"2019-04-12T15:07:08","guid":{"rendered":"http:\/\/www.galerieunterlechner.at\/wp\/politik-gesellschaft-im-spiegel-der-kunst-23-feber-bis-6-april-2019-copy\/"},"modified":"2019-06-03T12:47:54","modified_gmt":"2019-06-03T10:47:54","slug":"teilen-macht-reich-fuer-schulkinder-im-senegal-12-april-bis-25-mai-2019","status":"publish","type":"post","link":"http:\/\/www.galerieunterlechner.at\/wp\/teilen-macht-reich-fuer-schulkinder-im-senegal-12-april-bis-25-mai-2019\/","title":{"rendered":"TEILEN MACHT REICH, f\u00fcr Schulkinder im Senegal, 12. April bis 25. Mai 2019"},"content":{"rendered":"<p>BENEFIZ-AUSSTELLUNG f\u00fcr SCHULKINDER IM SENEGAL Sch\u00f6n ist es, dass sich viele hilfsbereite K\u00fcnstler gefunden haben, dieses Projekt, iniziiert von Rosemarie STERNAGL, zu unterst\u00fctzen. So bietet sich f\u00fcr Kunstinteressierte die einmalige Gelegenheit,\u00a0 Arbeiten in der Galerie Unterlechner in der Ausstellungszeit zum HALBEN PREIS zu erwerben. Und damit auch Gutes zu tun, da ZWEI DRITTEL des Kaufpreises den Schulkindern in COLOBANE in der CASAMANCE im Senegal direkt zu Gute kommen.<img loading=\"lazy\" decoding=\"async\" class=\"alignright size-medium wp-image-9468\" src=\"\/wp\/wp-content\/uploads\/2019\/04\/Galerie-Unterlechner-Rosemarie-Sternagl-Domain-est-la-babteme-2018-Acryl-Collage-auf-Leinwand-50x50cm-293x300.jpg\" alt=\"\" width=\"293\" height=\"300\" srcset=\"\/wp\/wp-content\/uploads\/2019\/04\/Galerie-Unterlechner-Rosemarie-Sternagl-Domain-est-la-babteme-2018-Acryl-Collage-auf-Leinwand-50x50cm-293x300.jpg 293w, \/wp\/wp-content\/uploads\/2019\/04\/Galerie-Unterlechner-Rosemarie-Sternagl-Domain-est-la-babteme-2018-Acryl-Collage-auf-Leinwand-50x50cm-146x150.jpg 146w, \/wp\/wp-content\/uploads\/2019\/04\/Galerie-Unterlechner-Rosemarie-Sternagl-Domain-est-la-babteme-2018-Acryl-Collage-auf-Leinwand-50x50cm-768x788.jpg 768w, \/wp\/wp-content\/uploads\/2019\/04\/Galerie-Unterlechner-Rosemarie-Sternagl-Domain-est-la-babteme-2018-Acryl-Collage-auf-Leinwand-50x50cm.jpg 780w\" sizes=\"auto, (max-width: 293px) 100vw, 293px\" \/><\/p>\n<p>Das RESTLICHE DRITTEL soll der K\u00fcnstler als Anerkennung f\u00fcr seine Hilfe erhalten: Karyn ASTL, Ursula BEILER, John CRABTREE, Gernot EHRSAM, Andrea HOLZINGER, Josef HUBER, Susanne KIRCHER-LINER, Elisabeth MELKONYAN, Martha MURPHY, Werner RICHTER, Gerlinde RICHTER-LICHTBLAU, Rosemarie STERNAGL und Margaritha WANITSCHEK.<\/p>\n<p>So k\u00f6nnen wir ALLE GEMEINSAM helfen &#8211; TEILEN MACHT REICH.<\/p>\n<p>\u00d6ffnungszeiten: MI, DO, FR, SA von 17:00 bis 19:00 Uhr oder nach telefonischer Vereinbarung- 0664 7306 4435<\/p>\n<p>&nbsp;<\/p>\n","protected":false},"excerpt":{"rendered":"<p>BENEFIZ-AUSSTELLUNG f\u00fcr SCHULKINDER IM SENEGAL Sch\u00f6n ist es, dass sich viele hilfsbereite K\u00fcnstler gefunden haben, dieses Projekt, iniziiert von Rosemarie STERNAGL, zu unterst\u00fctzen. So bietet sich f\u00fcr Kunstinteressierte die einmalige Gelegenheit,\u00a0 Arbeiten in der Galerie Unterlechner in der Ausstellungszeit zum &hellip; <a href=\"http:\/\/www.galerieunterlechner.at\/wp\/teilen-macht-reich-fuer-schulkinder-im-senegal-12-april-bis-25-mai-2019\/\">Weiterlesen <span class=\"meta-nav\">&rarr;<\/span><\/a><\/p>\n","protected":false},"author":4,"featured_media":0,"comment_status":"closed","ping_status":"closed","sticky":false,"template":"","format":"standard","meta":{"footnotes":""},"categories":[1],"tags":[],"class_list":["post-9465","post","type-post","status-publish","format-standard","hentry","category-allgemein"],"_links":{"self":[{"href":"http:\/\/www.galerieunterlechner.at\/wp\/wp-json\/wp\/v2\/posts\/9465","targetHints":{"allow":["GET"]}}],"collection":[{"href":"http:\/\/www.galerieunterlechner.at\/wp\/wp-json\/wp\/v2\/posts"}],"about":[{"href":"http:\/\/www.galerieunterlechner.at\/wp\/wp-json\/wp\/v2\/types\/post"}],"author":[{"embeddable":true,"href":"http:\/\/www.galerieunterlechner.at\/wp\/wp-json\/wp\/v2\/users\/4"}],"replies":[{"embeddable":true,"href":"http:\/\/www.galerieunterlechner.at\/wp\/wp-json\/wp\/v2\/comments?post=9465"}],"version-history":[{"count":4,"href":"http:\/\/www.galerieunterlechner.at\/wp\/wp-json\/wp\/v2\/posts\/9465\/revisions"}],"predecessor-version":[{"id":9470,"href":"http:\/\/www.galerieunterlechner.at\/wp\/wp-json\/wp\/v2\/posts\/9465\/revisions\/9470"}],"wp:attachment":[{"href":"http:\/\/www.galerieunterlechner.at\/wp\/wp-json\/wp\/v2\/media?parent=9465"}],"wp:term":[{"taxonomy":"category","embeddable":true,"href":"http:\/\/www.galerieunterlechner.at\/wp\/wp-json\/wp\/v2\/categories?post=9465"},{"taxonomy":"post_tag","embeddable":true,"href":"http:\/\/www.galerieunterlechner.at\/wp\/wp-json\/wp\/v2\/tags?post=9465"}],"curies":[{"name":"wp","href":"https:\/\/api.w.org\/{rel}","templated":true}]}}